{"id":4029,"date":"2025-09-05T14:36:32","date_gmt":"2025-09-05T12:36:32","guid":{"rendered":"https:\/\/schabziger.ch\/?p=4029"},"modified":"2025-09-05T16:06:18","modified_gmt":"2025-09-05T14:06:18","slug":"quelle-fete-retour-sur-lffls-2025-pays-de-glaris-avec-zibu-zigerbruut","status":"publish","type":"post","link":"https:\/\/schabziger.ch\/fr\/quelle-fete-retour-sur-lffls-2025-pays-de-glaris-avec-zibu-zigerbruut\/","title":{"rendered":"Quelle f\u00eate! Retour sur l\u2019FFLS 2025 pays de Glaris+ avec Zibu &amp; Zigerbr\u00fc\u00fct."},"content":{"rendered":"\n<figure class=\"wp-block-image size-full\"><img loading=\"lazy\" decoding=\"async\" width=\"2560\" height=\"1920\" src=\"https:\/\/schabziger.ch\/wp-content\/uploads\/2025\/09\/2501_GESKA_Newsbeitrag_Rueckblick_ESAF_2560x1920-scaled.jpg\" alt=\"\" class=\"wp-image-4015\" srcset=\"https:\/\/schabziger.ch\/wp-content\/uploads\/2025\/09\/2501_GESKA_Newsbeitrag_Rueckblick_ESAF_2560x1920-scaled.jpg 2560w, https:\/\/schabziger.ch\/wp-content\/uploads\/2025\/09\/2501_GESKA_Newsbeitrag_Rueckblick_ESAF_2560x1920-300x225.jpg 300w, https:\/\/schabziger.ch\/wp-content\/uploads\/2025\/09\/2501_GESKA_Newsbeitrag_Rueckblick_ESAF_2560x1920-1024x768.jpg 1024w, https:\/\/schabziger.ch\/wp-content\/uploads\/2025\/09\/2501_GESKA_Newsbeitrag_Rueckblick_ESAF_2560x1920-768x576.jpg 768w, https:\/\/schabziger.ch\/wp-content\/uploads\/2025\/09\/2501_GESKA_Newsbeitrag_Rueckblick_ESAF_2560x1920-1536x1152.jpg 1536w, https:\/\/schabziger.ch\/wp-content\/uploads\/2025\/09\/2501_GESKA_Newsbeitrag_Rueckblick_ESAF_2560x1920-2048x1536.jpg 2048w\" sizes=\"auto, (max-width: 2560px) 100vw, 2560px\" \/><\/figure>\n\n\n\n<p><\/p>\n\n\n\n<p><strong>Trois jours, des milliers de visiteurs enthousiastes<\/strong> et une f\u00eate de lutte suisse exceptionnelle: <strong>l\u2019FFLS 2025 pays de Glaris+ a \u00e9t\u00e9 une exp\u00e9rience inoubliable.<\/strong> Et au c\u0153ur de l<strong>\u2019<\/strong>\u00e9v\u00e9nement: le Glarner Schabziger et Zibu, le taureau vainqueur pesant plus de 1,3 tonne.<\/p>\n\n\n\n<p><strong>En tant que fier partenaire municipal, nous pouvons dire que ce fut un honneur pour nous! <\/strong>Zibu a \u00e9t\u00e9 c\u00e9l\u00e9br\u00e9, caress\u00e9, photographi\u00e9 et a conquis le c\u0153ur de tous. Notre stand a \u00e9t\u00e9 tout aussi populaire: <strong>plus de 8\u2019000 portions de Zigerbr\u00fc\u00fct<\/strong> ont \u00e9t\u00e9 pr\u00e9par\u00e9es, d\u00e9cor\u00e9es et servies, et de nombreux autres <strong>d\u00e9licieux produits Schabziger ont \u00e9t\u00e9 vendus,<\/strong> le tout accompagn\u00e9 de musique, de rires, d<strong>\u2019<\/strong>\u00e9merveillement et de nombreuses rencontres chaleureuses. Et tout cela dans notre vert Schabziger lumineux et reconnaissable entre tous.<\/p>\n\n\n\n<p><strong>D\u2019innombrables visiteurs<\/strong> sont venus nous voir, <strong>d\u2019innombrables \u00abselfies\u00bb ont \u00e9t\u00e9 pris avec notre Zibu<\/strong> et d<strong>\u2019<\/strong>innombrables articles promotionnels ont trouv\u00e9 de nouveaux propri\u00e9taires. \u00c0 la question <strong>\u00abQuel est le go\u00fbt de ce Glarner Schabziger?\u00bb,<\/strong> nous avons r\u00e9pondu par des \u00ab\u00e9chantillons\u00bb et avons ainsi gagn\u00e9 <strong>de nombreux nouveaux amateurs de Glarner Schabziger.<\/strong><\/p>\n\n\n\n<p>Merci pour ces belles rencontres, cette ambiance formidable et cette sinc\u00e8re cordialit\u00e9. <strong>Nous sommes fiers d\u2019avoir particip\u00e9 \u00e0 cette f\u00eate historique<\/strong> et nous en garderons longtemps un excellent souvenir.<\/p>\n\n\n\n<p>Comme <strong>Armon Orlik<\/strong> ne peut pas ramener le prix vivant chez lui en raison de son m\u00e9tier, <strong>notre taureau vainqueur est retourn\u00e9 chez son \u00e9leveur Albert Horner, \u00e0 la ferme Hornerhof.<\/strong> Zibu y profite d\u00e9sormais d&rsquo;une vie \u00e0 la campagne bien m\u00e9rit\u00e9e, sans sciure, mais avec une belle vue, l<strong>\u2019<\/strong>air frais des montagnes, beaucoup de calme et quelques caresses. Et qui sait, peut-\u00eatre recevra-t-il de temps en temps un <strong>petit paquet de foin suppl\u00e9mentaire pour la star secr\u00e8te de l\u2019FFLS 2025 pays de Glaris+.<\/strong><\/p>\n\n\n\n<p><\/p>\n","protected":false},"excerpt":{"rendered":"<p>Trois jours, des milliers de visiteurs enthousiastes et une f\u00eate de lutte suisse exceptionnelle: l\u2019FFLS 2025 pays de Glaris+ a \u00e9t\u00e9 une exp\u00e9rience inoubliable. Et au c\u0153ur de l\u2019\u00e9v\u00e9nement: le Glarner Schabziger et Zibu, le taureau vainqueur pesant plus de 1,3 tonne. En tant que fier partenaire municipal, nous pouvons dire que ce fut un [&hellip;]<\/p>\n","protected":false},"author":5,"featured_media":4022,"comment_status":"open","ping_status":"open","sticky":false,"template":"","format":"standard","meta":{"_acf_changed":false,"inline_featured_image":false,"footnotes":""},"categories":[9,32,31,29],"tags":[],"class_list":["post-4029","post","type-post","status-publish","format-standard","has-post-thumbnail","hentry","category-non-classifiee","category-salutations-glaronnaises","category-stoeckli-fr","category-trueffel-stoeckli"],"acf":[],"yoast_head":"<!-- This site is optimized with the Yoast SEO plugin v27.5 - https:\/\/yoast.com\/product\/yoast-seo-wordpress\/ -->\n<title>Quelle f\u00eate! Retour sur l\u2019FFLS 2025 pays de Glaris+ avec Zibu &amp; Zigerbr\u00fc\u00fct. - Schabziger<\/title>\n<meta name=\"robots\" content=\"index, follow, max-snippet:-1, max-image-preview:large, max-video-preview:-1\" \/>\n<link rel=\"canonical\" href=\"https:\/\/schabziger.ch\/fr\/quelle-fete-retour-sur-lffls-2025-pays-de-glaris-avec-zibu-zigerbruut\/\" \/>\n<meta property=\"og:locale\" content=\"fr_FR\" \/>\n<meta property=\"og:type\" content=\"article\" \/>\n<meta property=\"og:title\" content=\"Quelle f\u00eate! Retour sur l\u2019FFLS 2025 pays de Glaris+ avec Zibu &amp; Zigerbr\u00fc\u00fct. - Schabziger\" \/>\n<meta property=\"og:description\" content=\"Trois jours, des milliers de visiteurs enthousiastes et une f\u00eate de lutte suisse exceptionnelle: l\u2019FFLS 2025 pays de Glaris+ a \u00e9t\u00e9 une exp\u00e9rience inoubliable. Et au c\u0153ur de l\u2019\u00e9v\u00e9nement: le Glarner Schabziger et Zibu, le taureau vainqueur pesant plus de 1,3 tonne. En tant que fier partenaire municipal, nous pouvons dire que ce fut un [&hellip;]\" \/>\n<meta property=\"og:url\" content=\"https:\/\/schabziger.ch\/fr\/quelle-fete-retour-sur-lffls-2025-pays-de-glaris-avec-zibu-zigerbruut\/\" \/>\n<meta property=\"og:site_name\" content=\"Schabziger\" \/>\n<meta property=\"article:published_time\" content=\"2025-09-05T12:36:32+00:00\" \/>\n<meta property=\"article:modified_time\" content=\"2025-09-05T14:06:18+00:00\" \/>\n<meta property=\"og:image\" content=\"https:\/\/schabziger.ch\/wp-content\/uploads\/2025\/09\/2501_GESKA_Newsbeitrag_Rueckblick_ESAF_2560x1920_Ansicht-scaled.jpg\" \/>\n\t<meta property=\"og:image:width\" content=\"2560\" \/>\n\t<meta property=\"og:image:height\" content=\"1920\" \/>\n\t<meta property=\"og:image:type\" content=\"image\/jpeg\" \/>\n<meta name=\"author\" content=\"mmeier\" \/>\n<meta name=\"twitter:card\" content=\"summary_large_image\" \/>\n<meta name=\"twitter:label1\" content=\"\u00c9crit par\" \/>\n\t<meta name=\"twitter:data1\" content=\"mmeier\" \/>\n\t<meta name=\"twitter:label2\" content=\"Dur\u00e9e de lecture estim\u00e9e\" \/>\n\t<meta name=\"twitter:data2\" content=\"3 minutes\" \/>\n<script type=\"application\/ld+json\" class=\"yoast-schema-graph\">{\"@context\":\"https:\\\/\\\/schema.org\",\"@graph\":[{\"@type\":\"Article\",\"@id\":\"https:\\\/\\\/schabziger.ch\\\/fr\\\/quelle-fete-retour-sur-lffls-2025-pays-de-glaris-avec-zibu-zigerbruut\\\/#article\",\"isPartOf\":{\"@id\":\"https:\\\/\\\/schabziger.ch\\\/fr\\\/quelle-fete-retour-sur-lffls-2025-pays-de-glaris-avec-zibu-zigerbruut\\\/\"},\"author\":{\"name\":\"mmeier\",\"@id\":\"https:\\\/\\\/schabziger.ch\\\/fr\\\/#\\\/schema\\\/person\\\/5d3f6252aad95ece405869f573641913\"},\"headline\":\"Quelle f\u00eate! Retour sur l\u2019FFLS 2025 pays de Glaris+ avec Zibu &amp; Zigerbr\u00fc\u00fct.\",\"datePublished\":\"2025-09-05T12:36:32+00:00\",\"dateModified\":\"2025-09-05T14:06:18+00:00\",\"mainEntityOfPage\":{\"@id\":\"https:\\\/\\\/schabziger.ch\\\/fr\\\/quelle-fete-retour-sur-lffls-2025-pays-de-glaris-avec-zibu-zigerbruut\\\/\"},\"wordCount\":331,\"commentCount\":0,\"image\":{\"@id\":\"https:\\\/\\\/schabziger.ch\\\/fr\\\/quelle-fete-retour-sur-lffls-2025-pays-de-glaris-avec-zibu-zigerbruut\\\/#primaryimage\"},\"thumbnailUrl\":\"https:\\\/\\\/schabziger.ch\\\/wp-content\\\/uploads\\\/2025\\\/09\\\/2501_GESKA_Newsbeitrag_Rueckblick_ESAF_2560x1920_Ansicht-scaled.jpg\",\"articleSection\":[\"Non classifi\u00e9(e)\",\"Salutations glaronnaises\",\"St\u00f6ckli\",\"Tr\u00fcffel St\u00f6ckli\"],\"inLanguage\":\"fr-FR\",\"potentialAction\":[{\"@type\":\"CommentAction\",\"name\":\"Comment\",\"target\":[\"https:\\\/\\\/schabziger.ch\\\/fr\\\/quelle-fete-retour-sur-lffls-2025-pays-de-glaris-avec-zibu-zigerbruut\\\/#respond\"]}]},{\"@type\":\"WebPage\",\"@id\":\"https:\\\/\\\/schabziger.ch\\\/fr\\\/quelle-fete-retour-sur-lffls-2025-pays-de-glaris-avec-zibu-zigerbruut\\\/\",\"url\":\"https:\\\/\\\/schabziger.ch\\\/fr\\\/quelle-fete-retour-sur-lffls-2025-pays-de-glaris-avec-zibu-zigerbruut\\\/\",\"name\":\"Quelle f\u00eate! Retour sur l\u2019FFLS 2025 pays de Glaris+ avec Zibu &amp; Zigerbr\u00fc\u00fct. - Schabziger\",\"isPartOf\":{\"@id\":\"https:\\\/\\\/schabziger.ch\\\/fr\\\/#website\"},\"primaryImageOfPage\":{\"@id\":\"https:\\\/\\\/schabziger.ch\\\/fr\\\/quelle-fete-retour-sur-lffls-2025-pays-de-glaris-avec-zibu-zigerbruut\\\/#primaryimage\"},\"image\":{\"@id\":\"https:\\\/\\\/schabziger.ch\\\/fr\\\/quelle-fete-retour-sur-lffls-2025-pays-de-glaris-avec-zibu-zigerbruut\\\/#primaryimage\"},\"thumbnailUrl\":\"https:\\\/\\\/schabziger.ch\\\/wp-content\\\/uploads\\\/2025\\\/09\\\/2501_GESKA_Newsbeitrag_Rueckblick_ESAF_2560x1920_Ansicht-scaled.jpg\",\"datePublished\":\"2025-09-05T12:36:32+00:00\",\"dateModified\":\"2025-09-05T14:06:18+00:00\",\"author\":{\"@id\":\"https:\\\/\\\/schabziger.ch\\\/fr\\\/#\\\/schema\\\/person\\\/5d3f6252aad95ece405869f573641913\"},\"breadcrumb\":{\"@id\":\"https:\\\/\\\/schabziger.ch\\\/fr\\\/quelle-fete-retour-sur-lffls-2025-pays-de-glaris-avec-zibu-zigerbruut\\\/#breadcrumb\"},\"inLanguage\":\"fr-FR\",\"potentialAction\":[{\"@type\":\"ReadAction\",\"target\":[\"https:\\\/\\\/schabziger.ch\\\/fr\\\/quelle-fete-retour-sur-lffls-2025-pays-de-glaris-avec-zibu-zigerbruut\\\/\"]}]},{\"@type\":\"ImageObject\",\"inLanguage\":\"fr-FR\",\"@id\":\"https:\\\/\\\/schabziger.ch\\\/fr\\\/quelle-fete-retour-sur-lffls-2025-pays-de-glaris-avec-zibu-zigerbruut\\\/#primaryimage\",\"url\":\"https:\\\/\\\/schabziger.ch\\\/wp-content\\\/uploads\\\/2025\\\/09\\\/2501_GESKA_Newsbeitrag_Rueckblick_ESAF_2560x1920_Ansicht-scaled.jpg\",\"contentUrl\":\"https:\\\/\\\/schabziger.ch\\\/wp-content\\\/uploads\\\/2025\\\/09\\\/2501_GESKA_Newsbeitrag_Rueckblick_ESAF_2560x1920_Ansicht-scaled.jpg\",\"width\":2560,\"height\":1920},{\"@type\":\"BreadcrumbList\",\"@id\":\"https:\\\/\\\/schabziger.ch\\\/fr\\\/quelle-fete-retour-sur-lffls-2025-pays-de-glaris-avec-zibu-zigerbruut\\\/#breadcrumb\",\"itemListElement\":[{\"@type\":\"ListItem\",\"position\":1,\"name\":\"Startseite\",\"item\":\"https:\\\/\\\/schabziger.ch\\\/fr\\\/\"},{\"@type\":\"ListItem\",\"position\":2,\"name\":\"Quelle f\u00eate! Retour sur l\u2019FFLS 2025 pays de Glaris+ avec Zibu &amp; Zigerbr\u00fc\u00fct.\"}]},{\"@type\":\"WebSite\",\"@id\":\"https:\\\/\\\/schabziger.ch\\\/fr\\\/#website\",\"url\":\"https:\\\/\\\/schabziger.ch\\\/fr\\\/\",\"name\":\"Schabziger\",\"description\":\"Uurw\u00fcrzig guet\",\"potentialAction\":[{\"@type\":\"SearchAction\",\"target\":{\"@type\":\"EntryPoint\",\"urlTemplate\":\"https:\\\/\\\/schabziger.ch\\\/fr\\\/?s={search_term_string}\"},\"query-input\":{\"@type\":\"PropertyValueSpecification\",\"valueRequired\":true,\"valueName\":\"search_term_string\"}}],\"inLanguage\":\"fr-FR\"},{\"@type\":\"Person\",\"@id\":\"https:\\\/\\\/schabziger.ch\\\/fr\\\/#\\\/schema\\\/person\\\/5d3f6252aad95ece405869f573641913\",\"name\":\"mmeier\",\"image\":{\"@type\":\"ImageObject\",\"inLanguage\":\"fr-FR\",\"@id\":\"https:\\\/\\\/secure.gravatar.com\\\/avatar\\\/917d6a103ed3d386809d984d48e7b760eaf708bac3f95df984251165f8f66160?s=96&d=mm&r=g\",\"url\":\"https:\\\/\\\/secure.gravatar.com\\\/avatar\\\/917d6a103ed3d386809d984d48e7b760eaf708bac3f95df984251165f8f66160?s=96&d=mm&r=g\",\"contentUrl\":\"https:\\\/\\\/secure.gravatar.com\\\/avatar\\\/917d6a103ed3d386809d984d48e7b760eaf708bac3f95df984251165f8f66160?s=96&d=mm&r=g\",\"caption\":\"mmeier\"},\"url\":\"https:\\\/\\\/schabziger.ch\\\/fr\\\/author\\\/mmeier\\\/\"}]}<\/script>\n<!-- \/ Yoast SEO plugin. -->","yoast_head_json":{"title":"Quelle f\u00eate! Retour sur l\u2019FFLS 2025 pays de Glaris+ avec Zibu &amp; Zigerbr\u00fc\u00fct. - Schabziger","robots":{"index":"index","follow":"follow","max-snippet":"max-snippet:-1","max-image-preview":"max-image-preview:large","max-video-preview":"max-video-preview:-1"},"canonical":"https:\/\/schabziger.ch\/fr\/quelle-fete-retour-sur-lffls-2025-pays-de-glaris-avec-zibu-zigerbruut\/","og_locale":"fr_FR","og_type":"article","og_title":"Quelle f\u00eate! Retour sur l\u2019FFLS 2025 pays de Glaris+ avec Zibu &amp; Zigerbr\u00fc\u00fct. - Schabziger","og_description":"Trois jours, des milliers de visiteurs enthousiastes et une f\u00eate de lutte suisse exceptionnelle: l\u2019FFLS 2025 pays de Glaris+ a \u00e9t\u00e9 une exp\u00e9rience inoubliable. Et au c\u0153ur de l\u2019\u00e9v\u00e9nement: le Glarner Schabziger et Zibu, le taureau vainqueur pesant plus de 1,3 tonne. En tant que fier partenaire municipal, nous pouvons dire que ce fut un [&hellip;]","og_url":"https:\/\/schabziger.ch\/fr\/quelle-fete-retour-sur-lffls-2025-pays-de-glaris-avec-zibu-zigerbruut\/","og_site_name":"Schabziger","article_published_time":"2025-09-05T12:36:32+00:00","article_modified_time":"2025-09-05T14:06:18+00:00","og_image":[{"width":2560,"height":1920,"url":"https:\/\/schabziger.ch\/wp-content\/uploads\/2025\/09\/2501_GESKA_Newsbeitrag_Rueckblick_ESAF_2560x1920_Ansicht-scaled.jpg","type":"image\/jpeg"}],"author":"mmeier","twitter_card":"summary_large_image","twitter_misc":{"\u00c9crit par":"mmeier","Dur\u00e9e de lecture estim\u00e9e":"3 minutes"},"schema":{"@context":"https:\/\/schema.org","@graph":[{"@type":"Article","@id":"https:\/\/schabziger.ch\/fr\/quelle-fete-retour-sur-lffls-2025-pays-de-glaris-avec-zibu-zigerbruut\/#article","isPartOf":{"@id":"https:\/\/schabziger.ch\/fr\/quelle-fete-retour-sur-lffls-2025-pays-de-glaris-avec-zibu-zigerbruut\/"},"author":{"name":"mmeier","@id":"https:\/\/schabziger.ch\/fr\/#\/schema\/person\/5d3f6252aad95ece405869f573641913"},"headline":"Quelle f\u00eate! Retour sur l\u2019FFLS 2025 pays de Glaris+ avec Zibu &amp; Zigerbr\u00fc\u00fct.","datePublished":"2025-09-05T12:36:32+00:00","dateModified":"2025-09-05T14:06:18+00:00","mainEntityOfPage":{"@id":"https:\/\/schabziger.ch\/fr\/quelle-fete-retour-sur-lffls-2025-pays-de-glaris-avec-zibu-zigerbruut\/"},"wordCount":331,"commentCount":0,"image":{"@id":"https:\/\/schabziger.ch\/fr\/quelle-fete-retour-sur-lffls-2025-pays-de-glaris-avec-zibu-zigerbruut\/#primaryimage"},"thumbnailUrl":"https:\/\/schabziger.ch\/wp-content\/uploads\/2025\/09\/2501_GESKA_Newsbeitrag_Rueckblick_ESAF_2560x1920_Ansicht-scaled.jpg","articleSection":["Non classifi\u00e9(e)","Salutations glaronnaises","St\u00f6ckli","Tr\u00fcffel St\u00f6ckli"],"inLanguage":"fr-FR","potentialAction":[{"@type":"CommentAction","name":"Comment","target":["https:\/\/schabziger.ch\/fr\/quelle-fete-retour-sur-lffls-2025-pays-de-glaris-avec-zibu-zigerbruut\/#respond"]}]},{"@type":"WebPage","@id":"https:\/\/schabziger.ch\/fr\/quelle-fete-retour-sur-lffls-2025-pays-de-glaris-avec-zibu-zigerbruut\/","url":"https:\/\/schabziger.ch\/fr\/quelle-fete-retour-sur-lffls-2025-pays-de-glaris-avec-zibu-zigerbruut\/","name":"Quelle f\u00eate! Retour sur l\u2019FFLS 2025 pays de Glaris+ avec Zibu &amp; Zigerbr\u00fc\u00fct. - Schabziger","isPartOf":{"@id":"https:\/\/schabziger.ch\/fr\/#website"},"primaryImageOfPage":{"@id":"https:\/\/schabziger.ch\/fr\/quelle-fete-retour-sur-lffls-2025-pays-de-glaris-avec-zibu-zigerbruut\/#primaryimage"},"image":{"@id":"https:\/\/schabziger.ch\/fr\/quelle-fete-retour-sur-lffls-2025-pays-de-glaris-avec-zibu-zigerbruut\/#primaryimage"},"thumbnailUrl":"https:\/\/schabziger.ch\/wp-content\/uploads\/2025\/09\/2501_GESKA_Newsbeitrag_Rueckblick_ESAF_2560x1920_Ansicht-scaled.jpg","datePublished":"2025-09-05T12:36:32+00:00","dateModified":"2025-09-05T14:06:18+00:00","author":{"@id":"https:\/\/schabziger.ch\/fr\/#\/schema\/person\/5d3f6252aad95ece405869f573641913"},"breadcrumb":{"@id":"https:\/\/schabziger.ch\/fr\/quelle-fete-retour-sur-lffls-2025-pays-de-glaris-avec-zibu-zigerbruut\/#breadcrumb"},"inLanguage":"fr-FR","potentialAction":[{"@type":"ReadAction","target":["https:\/\/schabziger.ch\/fr\/quelle-fete-retour-sur-lffls-2025-pays-de-glaris-avec-zibu-zigerbruut\/"]}]},{"@type":"ImageObject","inLanguage":"fr-FR","@id":"https:\/\/schabziger.ch\/fr\/quelle-fete-retour-sur-lffls-2025-pays-de-glaris-avec-zibu-zigerbruut\/#primaryimage","url":"https:\/\/schabziger.ch\/wp-content\/uploads\/2025\/09\/2501_GESKA_Newsbeitrag_Rueckblick_ESAF_2560x1920_Ansicht-scaled.jpg","contentUrl":"https:\/\/schabziger.ch\/wp-content\/uploads\/2025\/09\/2501_GESKA_Newsbeitrag_Rueckblick_ESAF_2560x1920_Ansicht-scaled.jpg","width":2560,"height":1920},{"@type":"BreadcrumbList","@id":"https:\/\/schabziger.ch\/fr\/quelle-fete-retour-sur-lffls-2025-pays-de-glaris-avec-zibu-zigerbruut\/#breadcrumb","itemListElement":[{"@type":"ListItem","position":1,"name":"Startseite","item":"https:\/\/schabziger.ch\/fr\/"},{"@type":"ListItem","position":2,"name":"Quelle f\u00eate! Retour sur l\u2019FFLS 2025 pays de Glaris+ avec Zibu &amp; Zigerbr\u00fc\u00fct."}]},{"@type":"WebSite","@id":"https:\/\/schabziger.ch\/fr\/#website","url":"https:\/\/schabziger.ch\/fr\/","name":"Schabziger","description":"Uurw\u00fcrzig guet","potentialAction":[{"@type":"SearchAction","target":{"@type":"EntryPoint","urlTemplate":"https:\/\/schabziger.ch\/fr\/?s={search_term_string}"},"query-input":{"@type":"PropertyValueSpecification","valueRequired":true,"valueName":"search_term_string"}}],"inLanguage":"fr-FR"},{"@type":"Person","@id":"https:\/\/schabziger.ch\/fr\/#\/schema\/person\/5d3f6252aad95ece405869f573641913","name":"mmeier","image":{"@type":"ImageObject","inLanguage":"fr-FR","@id":"https:\/\/secure.gravatar.com\/avatar\/917d6a103ed3d386809d984d48e7b760eaf708bac3f95df984251165f8f66160?s=96&d=mm&r=g","url":"https:\/\/secure.gravatar.com\/avatar\/917d6a103ed3d386809d984d48e7b760eaf708bac3f95df984251165f8f66160?s=96&d=mm&r=g","contentUrl":"https:\/\/secure.gravatar.com\/avatar\/917d6a103ed3d386809d984d48e7b760eaf708bac3f95df984251165f8f66160?s=96&d=mm&r=g","caption":"mmeier"},"url":"https:\/\/schabziger.ch\/fr\/author\/mmeier\/"}]}},"_links":{"self":[{"href":"https:\/\/schabziger.ch\/fr\/wp-json\/wp\/v2\/posts\/4029","targetHints":{"allow":["GET"]}}],"collection":[{"href":"https:\/\/schabziger.ch\/fr\/wp-json\/wp\/v2\/posts"}],"about":[{"href":"https:\/\/schabziger.ch\/fr\/wp-json\/wp\/v2\/types\/post"}],"author":[{"embeddable":true,"href":"https:\/\/schabziger.ch\/fr\/wp-json\/wp\/v2\/users\/5"}],"replies":[{"embeddable":true,"href":"https:\/\/schabziger.ch\/fr\/wp-json\/wp\/v2\/comments?post=4029"}],"version-history":[{"count":2,"href":"https:\/\/schabziger.ch\/fr\/wp-json\/wp\/v2\/posts\/4029\/revisions"}],"predecessor-version":[{"id":4033,"href":"https:\/\/schabziger.ch\/fr\/wp-json\/wp\/v2\/posts\/4029\/revisions\/4033"}],"wp:featuredmedia":[{"embeddable":true,"href":"https:\/\/schabziger.ch\/fr\/wp-json\/wp\/v2\/media\/4022"}],"wp:attachment":[{"href":"https:\/\/schabziger.ch\/fr\/wp-json\/wp\/v2\/media?parent=4029"}],"wp:term":[{"taxonomy":"category","embeddable":true,"href":"https:\/\/schabziger.ch\/fr\/wp-json\/wp\/v2\/categories?post=4029"},{"taxonomy":"post_tag","embeddable":true,"href":"https:\/\/schabziger.ch\/fr\/wp-json\/wp\/v2\/tags?post=4029"}],"curies":[{"name":"wp","href":"https:\/\/api.w.org\/{rel}","templated":true}]}}