{"id":3634,"date":"2025-04-27T19:03:16","date_gmt":"2025-04-27T17:03:16","guid":{"rendered":"https:\/\/schabziger.ch\/?p=3634"},"modified":"2025-04-27T19:03:17","modified_gmt":"2025-04-27T17:03:17","slug":"le-glarner-schabziger-desormais-disponible-sous-forme-de-fromage-rape-aux-epices-en-sachet","status":"publish","type":"post","link":"https:\/\/schabziger.ch\/fr\/le-glarner-schabziger-desormais-disponible-sous-forme-de-fromage-rape-aux-epices-en-sachet\/","title":{"rendered":"Le Glarner Schabziger d\u00e9sormais disponible sous forme de fromage r\u00e2p\u00e9 aux \u00e9pices en sachet"},"content":{"rendered":"\n<figure class=\"wp-block-image size-full\"><img decoding=\"async\" src=\"https:\/\/schabziger.ch\/wp-content\/uploads\/2025\/04\/Gewuerz_Reibkease_RGB.png\" alt=\"\" class=\"wp-image-3631\"\/><\/figure>\n\n\n\n<p><\/p>\n\n\n\n<p>Le Glarner Schabziger, le plus ancien produit de marque au monde, \u00e9volue avec son temps et se pr\u00e9sente d\u00e8s \u00e0 pr\u00e9sent sous une nouvelle forme pratique : r\u00e2p\u00e9, pr\u00eat \u00e0 l&#8217;emploi et conditionn\u00e9 dans un sachet refermable. La sp\u00e9cialit\u00e9 traditionnelle du pays de Glaris est ainsi encore plus facile \u00e0 utiliser au quotidien &#8211; selon la devise : la tradition rencontre le plaisir moderne.<br>De la cuisine alpine \u00e0 la vie quotidienne &#8211; assaisonner simplement avec style<br>Le Glarner Schabziger fait partie int\u00e9grante de l&rsquo;art culinaire suisse depuis des si\u00e8cles &#8211; appr\u00e9ci\u00e9 pour son go\u00fbt intense, sa couleur verd\u00e2tre et sa longue p\u00e9riode de maturation. Pourtant, tout le monde ne sait pas que le schabziger n&rsquo;est pas un fromage classique \u00e0 couper ou \u00e0 tartiner, mais un fromage \u00e0 p\u00e2te fil\u00e9e aromatique utilis\u00e9 pour affiner les plats les plus divers. Que ce soit sur des salades, des p\u00e2tes, des soupes, des gratins de pommes de terre, des l\u00e9gumes ou m\u00eame sur une raclette ou dans une fondue, le schabziger apporte une note \u00e9pic\u00e9e unique qui d\u00e9clenche chez beaucoup le fameux effet umami. Et c&rsquo;est pr\u00e9cis\u00e9ment l\u00e0 qu&rsquo;intervient le nouveau format du produit : R\u00e2p\u00e9, imm\u00e9diatement utilisable et parfaitement portionnable &#8211; pour une utilisation simple dans la cuisine de tous les jours ou pour apporter une touche raffin\u00e9e \u00e0 des recettes cr\u00e9atives.<\/p>\n\n\n\n<p><strong>Pr\u00e9server la tradition &#8211; simplifier l&rsquo;utilisation<\/strong><br>Avec son nouveau format de sachet, GESKA AG, productrice du Glarner Schabziger, fait un pas de plus vers l&rsquo;innovation contemporaine en mati\u00e8re de produits. L&rsquo;objectif est de faciliter l&rsquo;acc\u00e8s d&rsquo;une nouvelle g\u00e9n\u00e9ration de consommatrices et de consommateurs \u00e0 cette sp\u00e9cialit\u00e9 s\u00e9culaire, sans en modifier le caract\u00e8re. \u00ab Le schabziger fait partie du pays de Glaris au m\u00eame titre que les montagnes et la Landsgemeinde \u00bb, d\u00e9clare Reto Hiestand, CEO de GESKA AG. \u00ab Avec ce nouveau format, nous voulons montrer \u00e0 quel point un produit aussi riche en traditions peut \u00eatre polyvalent, adapt\u00e9 \u00e0 la vie quotidienne et moderne \u00bb.<\/p>\n\n\n\n<p><br><strong>Un morceau d&rsquo;histoire mondiale du pays de Glaris<\/strong><br>Le Glarner Schabziger est mentionn\u00e9 dans des documents d\u00e8s 1310 et est prot\u00e9g\u00e9 par la loi depuis 1463 &#8211; ce qui en fait le plus ancien produit de marque au monde. Il est fabriqu\u00e9 exclusivement dans le canton de Glaris, selon une recette transmise de g\u00e9n\u00e9ration en g\u00e9n\u00e9ration \u00e0 base de lait \u00e9cr\u00e9m\u00e9 et de tr\u00e8fle \u00e0 Schabziger. Aujourd&rsquo;hui encore, chaque pi\u00e8ce est produite avec soin et beaucoup d&rsquo;artisanat &#8211; d\u00e9sormais compl\u00e9t\u00e9e par une forme pratique qui s&rsquo;int\u00e8gre parfaitement dans les cuisines modernes. La nouvelle variante r\u00e2p\u00e9e du Glarner Schabziger est disponible d\u00e8s maintenant au rayon frais dans des points de vente s\u00e9lectionn\u00e9s de la coop\u00e9rative Migros Zurich &#8211; sous le c\u00e9l\u00e8bre label de qualit\u00e9 \u00ab De la r\u00e9gion, pour la r\u00e9gion. \u00bb et \u00e9galement dans les magasins Coop du canton de Glaris.<\/p>\n\n\n\n<p><\/p>\n\n\n\n<p><\/p>\n\n\n\n<p><\/p>\n","protected":false},"excerpt":{"rendered":"<p>Le Glarner Schabziger, le plus ancien produit de marque au monde, \u00e9volue avec son temps et se pr\u00e9sente d\u00e8s \u00e0 pr\u00e9sent sous une nouvelle forme pratique : r\u00e2p\u00e9, pr\u00eat \u00e0 l&#8217;emploi et conditionn\u00e9 dans un sachet refermable. La sp\u00e9cialit\u00e9 traditionnelle du pays de Glaris est ainsi encore plus facile \u00e0 utiliser au quotidien &#8211; selon [&hellip;]<\/p>\n","protected":false},"author":5,"featured_media":3631,"comment_status":"open","ping_status":"open","sticky":false,"template":"","format":"standard","meta":{"_acf_changed":false,"inline_featured_image":false,"footnotes":""},"categories":[9,32,31,29],"tags":[],"class_list":["post-3634","post","type-post","status-publish","format-standard","has-post-thumbnail","hentry","category-non-classifiee","category-salutations-glaronnaises","category-stoeckli-fr","category-trueffel-stoeckli"],"acf":[],"yoast_head":"<!-- This site is optimized with the Yoast SEO plugin v27.5 - https:\/\/yoast.com\/product\/yoast-seo-wordpress\/ -->\n<title>Le Glarner Schabziger d\u00e9sormais disponible sous forme de fromage r\u00e2p\u00e9 aux \u00e9pices en sachet - Schabziger<\/title>\n<meta name=\"robots\" content=\"index, follow, max-snippet:-1, max-image-preview:large, max-video-preview:-1\" \/>\n<link rel=\"canonical\" href=\"https:\/\/schabziger.ch\/fr\/le-glarner-schabziger-desormais-disponible-sous-forme-de-fromage-rape-aux-epices-en-sachet\/\" \/>\n<meta property=\"og:locale\" content=\"fr_FR\" \/>\n<meta property=\"og:type\" content=\"article\" \/>\n<meta property=\"og:title\" content=\"Le Glarner Schabziger d\u00e9sormais disponible sous forme de fromage r\u00e2p\u00e9 aux \u00e9pices en sachet - Schabziger\" \/>\n<meta property=\"og:description\" content=\"Le Glarner Schabziger, le plus ancien produit de marque au monde, \u00e9volue avec son temps et se pr\u00e9sente d\u00e8s \u00e0 pr\u00e9sent sous une nouvelle forme pratique : r\u00e2p\u00e9, pr\u00eat \u00e0 l&#8217;emploi et conditionn\u00e9 dans un sachet refermable. La sp\u00e9cialit\u00e9 traditionnelle du pays de Glaris est ainsi encore plus facile \u00e0 utiliser au quotidien &#8211; selon [&hellip;]\" \/>\n<meta property=\"og:url\" content=\"https:\/\/schabziger.ch\/fr\/le-glarner-schabziger-desormais-disponible-sous-forme-de-fromage-rape-aux-epices-en-sachet\/\" \/>\n<meta property=\"og:site_name\" content=\"Schabziger\" \/>\n<meta property=\"article:published_time\" content=\"2025-04-27T17:03:16+00:00\" \/>\n<meta property=\"article:modified_time\" content=\"2025-04-27T17:03:17+00:00\" \/>\n<meta property=\"og:image\" content=\"https:\/\/schabziger.ch\/wp-content\/uploads\/2025\/04\/Gewuerz_Reibkease_RGB.png\" \/>\n\t<meta property=\"og:image:width\" content=\"1584\" \/>\n\t<meta property=\"og:image:height\" content=\"1228\" \/>\n\t<meta property=\"og:image:type\" content=\"image\/png\" \/>\n<meta name=\"author\" content=\"mmeier\" \/>\n<meta name=\"twitter:card\" content=\"summary_large_image\" \/>\n<meta name=\"twitter:label1\" content=\"\u00c9crit par\" \/>\n\t<meta name=\"twitter:data1\" content=\"mmeier\" \/>\n\t<meta name=\"twitter:label2\" content=\"Dur\u00e9e de lecture estim\u00e9e\" \/>\n\t<meta name=\"twitter:data2\" content=\"3 minutes\" \/>\n<script type=\"application\/ld+json\" class=\"yoast-schema-graph\">{\"@context\":\"https:\\\/\\\/schema.org\",\"@graph\":[{\"@type\":\"Article\",\"@id\":\"https:\\\/\\\/schabziger.ch\\\/fr\\\/le-glarner-schabziger-desormais-disponible-sous-forme-de-fromage-rape-aux-epices-en-sachet\\\/#article\",\"isPartOf\":{\"@id\":\"https:\\\/\\\/schabziger.ch\\\/fr\\\/le-glarner-schabziger-desormais-disponible-sous-forme-de-fromage-rape-aux-epices-en-sachet\\\/\"},\"author\":{\"name\":\"mmeier\",\"@id\":\"https:\\\/\\\/schabziger.ch\\\/fr\\\/#\\\/schema\\\/person\\\/5d3f6252aad95ece405869f573641913\"},\"headline\":\"Le Glarner Schabziger d\u00e9sormais disponible sous forme de fromage r\u00e2p\u00e9 aux \u00e9pices en sachet\",\"datePublished\":\"2025-04-27T17:03:16+00:00\",\"dateModified\":\"2025-04-27T17:03:17+00:00\",\"mainEntityOfPage\":{\"@id\":\"https:\\\/\\\/schabziger.ch\\\/fr\\\/le-glarner-schabziger-desormais-disponible-sous-forme-de-fromage-rape-aux-epices-en-sachet\\\/\"},\"wordCount\":531,\"commentCount\":0,\"image\":{\"@id\":\"https:\\\/\\\/schabziger.ch\\\/fr\\\/le-glarner-schabziger-desormais-disponible-sous-forme-de-fromage-rape-aux-epices-en-sachet\\\/#primaryimage\"},\"thumbnailUrl\":\"https:\\\/\\\/schabziger.ch\\\/wp-content\\\/uploads\\\/2025\\\/04\\\/Gewuerz_Reibkease_RGB.png\",\"articleSection\":[\"Non classifi\u00e9(e)\",\"Salutations glaronnaises\",\"St\u00f6ckli\",\"Tr\u00fcffel St\u00f6ckli\"],\"inLanguage\":\"fr-FR\",\"potentialAction\":[{\"@type\":\"CommentAction\",\"name\":\"Comment\",\"target\":[\"https:\\\/\\\/schabziger.ch\\\/fr\\\/le-glarner-schabziger-desormais-disponible-sous-forme-de-fromage-rape-aux-epices-en-sachet\\\/#respond\"]}]},{\"@type\":\"WebPage\",\"@id\":\"https:\\\/\\\/schabziger.ch\\\/fr\\\/le-glarner-schabziger-desormais-disponible-sous-forme-de-fromage-rape-aux-epices-en-sachet\\\/\",\"url\":\"https:\\\/\\\/schabziger.ch\\\/fr\\\/le-glarner-schabziger-desormais-disponible-sous-forme-de-fromage-rape-aux-epices-en-sachet\\\/\",\"name\":\"Le Glarner Schabziger d\u00e9sormais disponible sous forme de fromage r\u00e2p\u00e9 aux \u00e9pices en sachet - Schabziger\",\"isPartOf\":{\"@id\":\"https:\\\/\\\/schabziger.ch\\\/fr\\\/#website\"},\"primaryImageOfPage\":{\"@id\":\"https:\\\/\\\/schabziger.ch\\\/fr\\\/le-glarner-schabziger-desormais-disponible-sous-forme-de-fromage-rape-aux-epices-en-sachet\\\/#primaryimage\"},\"image\":{\"@id\":\"https:\\\/\\\/schabziger.ch\\\/fr\\\/le-glarner-schabziger-desormais-disponible-sous-forme-de-fromage-rape-aux-epices-en-sachet\\\/#primaryimage\"},\"thumbnailUrl\":\"https:\\\/\\\/schabziger.ch\\\/wp-content\\\/uploads\\\/2025\\\/04\\\/Gewuerz_Reibkease_RGB.png\",\"datePublished\":\"2025-04-27T17:03:16+00:00\",\"dateModified\":\"2025-04-27T17:03:17+00:00\",\"author\":{\"@id\":\"https:\\\/\\\/schabziger.ch\\\/fr\\\/#\\\/schema\\\/person\\\/5d3f6252aad95ece405869f573641913\"},\"breadcrumb\":{\"@id\":\"https:\\\/\\\/schabziger.ch\\\/fr\\\/le-glarner-schabziger-desormais-disponible-sous-forme-de-fromage-rape-aux-epices-en-sachet\\\/#breadcrumb\"},\"inLanguage\":\"fr-FR\",\"potentialAction\":[{\"@type\":\"ReadAction\",\"target\":[\"https:\\\/\\\/schabziger.ch\\\/fr\\\/le-glarner-schabziger-desormais-disponible-sous-forme-de-fromage-rape-aux-epices-en-sachet\\\/\"]}]},{\"@type\":\"ImageObject\",\"inLanguage\":\"fr-FR\",\"@id\":\"https:\\\/\\\/schabziger.ch\\\/fr\\\/le-glarner-schabziger-desormais-disponible-sous-forme-de-fromage-rape-aux-epices-en-sachet\\\/#primaryimage\",\"url\":\"https:\\\/\\\/schabziger.ch\\\/wp-content\\\/uploads\\\/2025\\\/04\\\/Gewuerz_Reibkease_RGB.png\",\"contentUrl\":\"https:\\\/\\\/schabziger.ch\\\/wp-content\\\/uploads\\\/2025\\\/04\\\/Gewuerz_Reibkease_RGB.png\",\"width\":1584,\"height\":1228},{\"@type\":\"BreadcrumbList\",\"@id\":\"https:\\\/\\\/schabziger.ch\\\/fr\\\/le-glarner-schabziger-desormais-disponible-sous-forme-de-fromage-rape-aux-epices-en-sachet\\\/#breadcrumb\",\"itemListElement\":[{\"@type\":\"ListItem\",\"position\":1,\"name\":\"Startseite\",\"item\":\"https:\\\/\\\/schabziger.ch\\\/fr\\\/\"},{\"@type\":\"ListItem\",\"position\":2,\"name\":\"Le Glarner Schabziger d\u00e9sormais disponible sous forme de fromage r\u00e2p\u00e9 aux \u00e9pices en sachet\"}]},{\"@type\":\"WebSite\",\"@id\":\"https:\\\/\\\/schabziger.ch\\\/fr\\\/#website\",\"url\":\"https:\\\/\\\/schabziger.ch\\\/fr\\\/\",\"name\":\"Schabziger\",\"description\":\"Uurw\u00fcrzig guet\",\"potentialAction\":[{\"@type\":\"SearchAction\",\"target\":{\"@type\":\"EntryPoint\",\"urlTemplate\":\"https:\\\/\\\/schabziger.ch\\\/fr\\\/?s={search_term_string}\"},\"query-input\":{\"@type\":\"PropertyValueSpecification\",\"valueRequired\":true,\"valueName\":\"search_term_string\"}}],\"inLanguage\":\"fr-FR\"},{\"@type\":\"Person\",\"@id\":\"https:\\\/\\\/schabziger.ch\\\/fr\\\/#\\\/schema\\\/person\\\/5d3f6252aad95ece405869f573641913\",\"name\":\"mmeier\",\"image\":{\"@type\":\"ImageObject\",\"inLanguage\":\"fr-FR\",\"@id\":\"https:\\\/\\\/secure.gravatar.com\\\/avatar\\\/917d6a103ed3d386809d984d48e7b760eaf708bac3f95df984251165f8f66160?s=96&d=mm&r=g\",\"url\":\"https:\\\/\\\/secure.gravatar.com\\\/avatar\\\/917d6a103ed3d386809d984d48e7b760eaf708bac3f95df984251165f8f66160?s=96&d=mm&r=g\",\"contentUrl\":\"https:\\\/\\\/secure.gravatar.com\\\/avatar\\\/917d6a103ed3d386809d984d48e7b760eaf708bac3f95df984251165f8f66160?s=96&d=mm&r=g\",\"caption\":\"mmeier\"},\"url\":\"https:\\\/\\\/schabziger.ch\\\/fr\\\/author\\\/mmeier\\\/\"}]}<\/script>\n<!-- \/ Yoast SEO plugin. -->","yoast_head_json":{"title":"Le Glarner Schabziger d\u00e9sormais disponible sous forme de fromage r\u00e2p\u00e9 aux \u00e9pices en sachet - Schabziger","robots":{"index":"index","follow":"follow","max-snippet":"max-snippet:-1","max-image-preview":"max-image-preview:large","max-video-preview":"max-video-preview:-1"},"canonical":"https:\/\/schabziger.ch\/fr\/le-glarner-schabziger-desormais-disponible-sous-forme-de-fromage-rape-aux-epices-en-sachet\/","og_locale":"fr_FR","og_type":"article","og_title":"Le Glarner Schabziger d\u00e9sormais disponible sous forme de fromage r\u00e2p\u00e9 aux \u00e9pices en sachet - Schabziger","og_description":"Le Glarner Schabziger, le plus ancien produit de marque au monde, \u00e9volue avec son temps et se pr\u00e9sente d\u00e8s \u00e0 pr\u00e9sent sous une nouvelle forme pratique : r\u00e2p\u00e9, pr\u00eat \u00e0 l&#8217;emploi et conditionn\u00e9 dans un sachet refermable. La sp\u00e9cialit\u00e9 traditionnelle du pays de Glaris est ainsi encore plus facile \u00e0 utiliser au quotidien &#8211; selon [&hellip;]","og_url":"https:\/\/schabziger.ch\/fr\/le-glarner-schabziger-desormais-disponible-sous-forme-de-fromage-rape-aux-epices-en-sachet\/","og_site_name":"Schabziger","article_published_time":"2025-04-27T17:03:16+00:00","article_modified_time":"2025-04-27T17:03:17+00:00","og_image":[{"width":1584,"height":1228,"url":"https:\/\/schabziger.ch\/wp-content\/uploads\/2025\/04\/Gewuerz_Reibkease_RGB.png","type":"image\/png"}],"author":"mmeier","twitter_card":"summary_large_image","twitter_misc":{"\u00c9crit par":"mmeier","Dur\u00e9e de lecture estim\u00e9e":"3 minutes"},"schema":{"@context":"https:\/\/schema.org","@graph":[{"@type":"Article","@id":"https:\/\/schabziger.ch\/fr\/le-glarner-schabziger-desormais-disponible-sous-forme-de-fromage-rape-aux-epices-en-sachet\/#article","isPartOf":{"@id":"https:\/\/schabziger.ch\/fr\/le-glarner-schabziger-desormais-disponible-sous-forme-de-fromage-rape-aux-epices-en-sachet\/"},"author":{"name":"mmeier","@id":"https:\/\/schabziger.ch\/fr\/#\/schema\/person\/5d3f6252aad95ece405869f573641913"},"headline":"Le Glarner Schabziger d\u00e9sormais disponible sous forme de fromage r\u00e2p\u00e9 aux \u00e9pices en sachet","datePublished":"2025-04-27T17:03:16+00:00","dateModified":"2025-04-27T17:03:17+00:00","mainEntityOfPage":{"@id":"https:\/\/schabziger.ch\/fr\/le-glarner-schabziger-desormais-disponible-sous-forme-de-fromage-rape-aux-epices-en-sachet\/"},"wordCount":531,"commentCount":0,"image":{"@id":"https:\/\/schabziger.ch\/fr\/le-glarner-schabziger-desormais-disponible-sous-forme-de-fromage-rape-aux-epices-en-sachet\/#primaryimage"},"thumbnailUrl":"https:\/\/schabziger.ch\/wp-content\/uploads\/2025\/04\/Gewuerz_Reibkease_RGB.png","articleSection":["Non classifi\u00e9(e)","Salutations glaronnaises","St\u00f6ckli","Tr\u00fcffel St\u00f6ckli"],"inLanguage":"fr-FR","potentialAction":[{"@type":"CommentAction","name":"Comment","target":["https:\/\/schabziger.ch\/fr\/le-glarner-schabziger-desormais-disponible-sous-forme-de-fromage-rape-aux-epices-en-sachet\/#respond"]}]},{"@type":"WebPage","@id":"https:\/\/schabziger.ch\/fr\/le-glarner-schabziger-desormais-disponible-sous-forme-de-fromage-rape-aux-epices-en-sachet\/","url":"https:\/\/schabziger.ch\/fr\/le-glarner-schabziger-desormais-disponible-sous-forme-de-fromage-rape-aux-epices-en-sachet\/","name":"Le Glarner Schabziger d\u00e9sormais disponible sous forme de fromage r\u00e2p\u00e9 aux \u00e9pices en sachet - Schabziger","isPartOf":{"@id":"https:\/\/schabziger.ch\/fr\/#website"},"primaryImageOfPage":{"@id":"https:\/\/schabziger.ch\/fr\/le-glarner-schabziger-desormais-disponible-sous-forme-de-fromage-rape-aux-epices-en-sachet\/#primaryimage"},"image":{"@id":"https:\/\/schabziger.ch\/fr\/le-glarner-schabziger-desormais-disponible-sous-forme-de-fromage-rape-aux-epices-en-sachet\/#primaryimage"},"thumbnailUrl":"https:\/\/schabziger.ch\/wp-content\/uploads\/2025\/04\/Gewuerz_Reibkease_RGB.png","datePublished":"2025-04-27T17:03:16+00:00","dateModified":"2025-04-27T17:03:17+00:00","author":{"@id":"https:\/\/schabziger.ch\/fr\/#\/schema\/person\/5d3f6252aad95ece405869f573641913"},"breadcrumb":{"@id":"https:\/\/schabziger.ch\/fr\/le-glarner-schabziger-desormais-disponible-sous-forme-de-fromage-rape-aux-epices-en-sachet\/#breadcrumb"},"inLanguage":"fr-FR","potentialAction":[{"@type":"ReadAction","target":["https:\/\/schabziger.ch\/fr\/le-glarner-schabziger-desormais-disponible-sous-forme-de-fromage-rape-aux-epices-en-sachet\/"]}]},{"@type":"ImageObject","inLanguage":"fr-FR","@id":"https:\/\/schabziger.ch\/fr\/le-glarner-schabziger-desormais-disponible-sous-forme-de-fromage-rape-aux-epices-en-sachet\/#primaryimage","url":"https:\/\/schabziger.ch\/wp-content\/uploads\/2025\/04\/Gewuerz_Reibkease_RGB.png","contentUrl":"https:\/\/schabziger.ch\/wp-content\/uploads\/2025\/04\/Gewuerz_Reibkease_RGB.png","width":1584,"height":1228},{"@type":"BreadcrumbList","@id":"https:\/\/schabziger.ch\/fr\/le-glarner-schabziger-desormais-disponible-sous-forme-de-fromage-rape-aux-epices-en-sachet\/#breadcrumb","itemListElement":[{"@type":"ListItem","position":1,"name":"Startseite","item":"https:\/\/schabziger.ch\/fr\/"},{"@type":"ListItem","position":2,"name":"Le Glarner Schabziger d\u00e9sormais disponible sous forme de fromage r\u00e2p\u00e9 aux \u00e9pices en sachet"}]},{"@type":"WebSite","@id":"https:\/\/schabziger.ch\/fr\/#website","url":"https:\/\/schabziger.ch\/fr\/","name":"Schabziger","description":"Uurw\u00fcrzig guet","potentialAction":[{"@type":"SearchAction","target":{"@type":"EntryPoint","urlTemplate":"https:\/\/schabziger.ch\/fr\/?s={search_term_string}"},"query-input":{"@type":"PropertyValueSpecification","valueRequired":true,"valueName":"search_term_string"}}],"inLanguage":"fr-FR"},{"@type":"Person","@id":"https:\/\/schabziger.ch\/fr\/#\/schema\/person\/5d3f6252aad95ece405869f573641913","name":"mmeier","image":{"@type":"ImageObject","inLanguage":"fr-FR","@id":"https:\/\/secure.gravatar.com\/avatar\/917d6a103ed3d386809d984d48e7b760eaf708bac3f95df984251165f8f66160?s=96&d=mm&r=g","url":"https:\/\/secure.gravatar.com\/avatar\/917d6a103ed3d386809d984d48e7b760eaf708bac3f95df984251165f8f66160?s=96&d=mm&r=g","contentUrl":"https:\/\/secure.gravatar.com\/avatar\/917d6a103ed3d386809d984d48e7b760eaf708bac3f95df984251165f8f66160?s=96&d=mm&r=g","caption":"mmeier"},"url":"https:\/\/schabziger.ch\/fr\/author\/mmeier\/"}]}},"_links":{"self":[{"href":"https:\/\/schabziger.ch\/fr\/wp-json\/wp\/v2\/posts\/3634","targetHints":{"allow":["GET"]}}],"collection":[{"href":"https:\/\/schabziger.ch\/fr\/wp-json\/wp\/v2\/posts"}],"about":[{"href":"https:\/\/schabziger.ch\/fr\/wp-json\/wp\/v2\/types\/post"}],"author":[{"embeddable":true,"href":"https:\/\/schabziger.ch\/fr\/wp-json\/wp\/v2\/users\/5"}],"replies":[{"embeddable":true,"href":"https:\/\/schabziger.ch\/fr\/wp-json\/wp\/v2\/comments?post=3634"}],"version-history":[{"count":1,"href":"https:\/\/schabziger.ch\/fr\/wp-json\/wp\/v2\/posts\/3634\/revisions"}],"predecessor-version":[{"id":3636,"href":"https:\/\/schabziger.ch\/fr\/wp-json\/wp\/v2\/posts\/3634\/revisions\/3636"}],"wp:featuredmedia":[{"embeddable":true,"href":"https:\/\/schabziger.ch\/fr\/wp-json\/wp\/v2\/media\/3631"}],"wp:attachment":[{"href":"https:\/\/schabziger.ch\/fr\/wp-json\/wp\/v2\/media?parent=3634"}],"wp:term":[{"taxonomy":"category","embeddable":true,"href":"https:\/\/schabziger.ch\/fr\/wp-json\/wp\/v2\/categories?post=3634"},{"taxonomy":"post_tag","embeddable":true,"href":"https:\/\/schabziger.ch\/fr\/wp-json\/wp\/v2\/tags?post=3634"}],"curies":[{"name":"wp","href":"https:\/\/api.w.org\/{rel}","templated":true}]}}