{"id":3558,"date":"2025-04-08T15:30:53","date_gmt":"2025-04-08T13:30:53","guid":{"rendered":"https:\/\/schabziger.ch\/?p=3558"},"modified":"2025-04-08T15:30:55","modified_gmt":"2025-04-08T13:30:55","slug":"participation-ecrasante-au-concours-de-glarner-schabziger","status":"publish","type":"post","link":"https:\/\/schabziger.ch\/fr\/participation-ecrasante-au-concours-de-glarner-schabziger\/","title":{"rendered":"Participation \u00e9crasante au concours de Glarner Schabziger"},"content":{"rendered":"\n<figure class=\"wp-block-image size-full\"><img loading=\"lazy\" decoding=\"async\" width=\"2048\" height=\"2560\" src=\"https:\/\/schabziger.ch\/wp-content\/uploads\/2025\/04\/2501_GESKA_SoMe_Post_1080x1350_Gluecksfee_Peter_Gubser-scaled.jpg\" alt=\"\" class=\"wp-image-3553\" srcset=\"https:\/\/schabziger.ch\/wp-content\/uploads\/2025\/04\/2501_GESKA_SoMe_Post_1080x1350_Gluecksfee_Peter_Gubser-scaled.jpg 2048w, https:\/\/schabziger.ch\/wp-content\/uploads\/2025\/04\/2501_GESKA_SoMe_Post_1080x1350_Gluecksfee_Peter_Gubser-240x300.jpg 240w, https:\/\/schabziger.ch\/wp-content\/uploads\/2025\/04\/2501_GESKA_SoMe_Post_1080x1350_Gluecksfee_Peter_Gubser-819x1024.jpg 819w, https:\/\/schabziger.ch\/wp-content\/uploads\/2025\/04\/2501_GESKA_SoMe_Post_1080x1350_Gluecksfee_Peter_Gubser-768x960.jpg 768w, https:\/\/schabziger.ch\/wp-content\/uploads\/2025\/04\/2501_GESKA_SoMe_Post_1080x1350_Gluecksfee_Peter_Gubser-1229x1536.jpg 1229w, https:\/\/schabziger.ch\/wp-content\/uploads\/2025\/04\/2501_GESKA_SoMe_Post_1080x1350_Gluecksfee_Peter_Gubser-1638x2048.jpg 1638w\" sizes=\"auto, (max-width: 2048px) 100vw, 2048px\" \/><\/figure>\n\n\n\n<p><\/p>\n\n\n\n<p>Le concours du schabziger glaronnais a \u00e9t\u00e9 un grand succ\u00e8s : plus de 3200 participations t\u00e9moignent du grand int\u00e9r\u00eat et de l&rsquo;enthousiasme pour notre produit riche en traditions. Parmi tous les participants, 100 sacoches isothermes Zibu ont \u00e9t\u00e9 tir\u00e9es au sort &#8211; id\u00e9ales pour le printemps et l&rsquo;\u00e9t\u00e9 \u00e0 venir ! Les gagnants ont d\u00e9j\u00e0 \u00e9t\u00e9 tir\u00e9s au sort et peuvent se r\u00e9jouir : Le courrier contenant leur surprise leur parviendra dans les prochains jours.<\/p>\n\n\n\n<p>Nous remercions tous les participants et nous r\u00e9jouissons d&rsquo;ores et d\u00e9j\u00e0 de la prochaine action autour de l&rsquo;unique Glarner Schabziger!<\/p>\n\n\n\n<p><\/p>\n","protected":false},"excerpt":{"rendered":"<p>Le concours du schabziger glaronnais a \u00e9t\u00e9 un grand succ\u00e8s : plus de 3200 participations t\u00e9moignent du grand int\u00e9r\u00eat et de l&rsquo;enthousiasme pour notre produit riche en traditions. Parmi tous les participants, 100 sacoches isothermes Zibu ont \u00e9t\u00e9 tir\u00e9es au sort &#8211; id\u00e9ales pour le printemps et l&rsquo;\u00e9t\u00e9 \u00e0 venir ! Les gagnants ont d\u00e9j\u00e0 [&hellip;]<\/p>\n","protected":false},"author":5,"featured_media":3556,"comment_status":"open","ping_status":"open","sticky":false,"template":"","format":"standard","meta":{"_acf_changed":false,"inline_featured_image":false,"footnotes":""},"categories":[9,32,31,29],"tags":[],"class_list":["post-3558","post","type-post","status-publish","format-standard","has-post-thumbnail","hentry","category-non-classifiee","category-salutations-glaronnaises","category-stoeckli-fr","category-trueffel-stoeckli"],"acf":[],"yoast_head":"<!-- This site is optimized with the Yoast SEO plugin v27.5 - https:\/\/yoast.com\/product\/yoast-seo-wordpress\/ -->\n<title>Participation \u00e9crasante au concours de Glarner Schabziger - Schabziger<\/title>\n<meta name=\"robots\" content=\"index, follow, max-snippet:-1, max-image-preview:large, max-video-preview:-1\" \/>\n<link rel=\"canonical\" href=\"https:\/\/schabziger.ch\/fr\/participation-ecrasante-au-concours-de-glarner-schabziger\/\" \/>\n<meta property=\"og:locale\" content=\"fr_FR\" \/>\n<meta property=\"og:type\" content=\"article\" \/>\n<meta property=\"og:title\" content=\"Participation \u00e9crasante au concours de Glarner Schabziger - Schabziger\" \/>\n<meta property=\"og:description\" content=\"Le concours du schabziger glaronnais a \u00e9t\u00e9 un grand succ\u00e8s : plus de 3200 participations t\u00e9moignent du grand int\u00e9r\u00eat et de l&rsquo;enthousiasme pour notre produit riche en traditions. Parmi tous les participants, 100 sacoches isothermes Zibu ont \u00e9t\u00e9 tir\u00e9es au sort &#8211; id\u00e9ales pour le printemps et l&rsquo;\u00e9t\u00e9 \u00e0 venir ! Les gagnants ont d\u00e9j\u00e0 [&hellip;]\" \/>\n<meta property=\"og:url\" content=\"https:\/\/schabziger.ch\/fr\/participation-ecrasante-au-concours-de-glarner-schabziger\/\" \/>\n<meta property=\"og:site_name\" content=\"Schabziger\" \/>\n<meta property=\"article:published_time\" content=\"2025-04-08T13:30:53+00:00\" \/>\n<meta property=\"article:modified_time\" content=\"2025-04-08T13:30:55+00:00\" \/>\n<meta property=\"og:image\" content=\"https:\/\/schabziger.ch\/wp-content\/uploads\/2025\/04\/Bildschirmfoto-2025-04-08-um-15.14.29-1024x690.png\" \/>\n\t<meta property=\"og:image:width\" content=\"1024\" \/>\n\t<meta property=\"og:image:height\" content=\"690\" \/>\n\t<meta property=\"og:image:type\" content=\"image\/png\" \/>\n<meta name=\"author\" content=\"mmeier\" \/>\n<meta name=\"twitter:card\" content=\"summary_large_image\" \/>\n<meta name=\"twitter:label1\" content=\"\u00c9crit par\" \/>\n\t<meta name=\"twitter:data1\" content=\"mmeier\" \/>\n\t<meta name=\"twitter:label2\" content=\"Dur\u00e9e de lecture estim\u00e9e\" \/>\n\t<meta name=\"twitter:data2\" content=\"1 minute\" \/>\n<script type=\"application\/ld+json\" class=\"yoast-schema-graph\">{\"@context\":\"https:\\\/\\\/schema.org\",\"@graph\":[{\"@type\":\"Article\",\"@id\":\"https:\\\/\\\/schabziger.ch\\\/fr\\\/participation-ecrasante-au-concours-de-glarner-schabziger\\\/#article\",\"isPartOf\":{\"@id\":\"https:\\\/\\\/schabziger.ch\\\/fr\\\/participation-ecrasante-au-concours-de-glarner-schabziger\\\/\"},\"author\":{\"name\":\"mmeier\",\"@id\":\"https:\\\/\\\/schabziger.ch\\\/fr\\\/#\\\/schema\\\/person\\\/5d3f6252aad95ece405869f573641913\"},\"headline\":\"Participation \u00e9crasante au concours de Glarner Schabziger\",\"datePublished\":\"2025-04-08T13:30:53+00:00\",\"dateModified\":\"2025-04-08T13:30:55+00:00\",\"mainEntityOfPage\":{\"@id\":\"https:\\\/\\\/schabziger.ch\\\/fr\\\/participation-ecrasante-au-concours-de-glarner-schabziger\\\/\"},\"wordCount\":111,\"commentCount\":0,\"image\":{\"@id\":\"https:\\\/\\\/schabziger.ch\\\/fr\\\/participation-ecrasante-au-concours-de-glarner-schabziger\\\/#primaryimage\"},\"thumbnailUrl\":\"https:\\\/\\\/schabziger.ch\\\/wp-content\\\/uploads\\\/2025\\\/04\\\/Bildschirmfoto-2025-04-08-um-15.14.29.png\",\"articleSection\":[\"Non classifi\u00e9(e)\",\"Salutations glaronnaises\",\"St\u00f6ckli\",\"Tr\u00fcffel St\u00f6ckli\"],\"inLanguage\":\"fr-FR\",\"potentialAction\":[{\"@type\":\"CommentAction\",\"name\":\"Comment\",\"target\":[\"https:\\\/\\\/schabziger.ch\\\/fr\\\/participation-ecrasante-au-concours-de-glarner-schabziger\\\/#respond\"]}]},{\"@type\":\"WebPage\",\"@id\":\"https:\\\/\\\/schabziger.ch\\\/fr\\\/participation-ecrasante-au-concours-de-glarner-schabziger\\\/\",\"url\":\"https:\\\/\\\/schabziger.ch\\\/fr\\\/participation-ecrasante-au-concours-de-glarner-schabziger\\\/\",\"name\":\"Participation \u00e9crasante au concours de Glarner Schabziger - Schabziger\",\"isPartOf\":{\"@id\":\"https:\\\/\\\/schabziger.ch\\\/fr\\\/#website\"},\"primaryImageOfPage\":{\"@id\":\"https:\\\/\\\/schabziger.ch\\\/fr\\\/participation-ecrasante-au-concours-de-glarner-schabziger\\\/#primaryimage\"},\"image\":{\"@id\":\"https:\\\/\\\/schabziger.ch\\\/fr\\\/participation-ecrasante-au-concours-de-glarner-schabziger\\\/#primaryimage\"},\"thumbnailUrl\":\"https:\\\/\\\/schabziger.ch\\\/wp-content\\\/uploads\\\/2025\\\/04\\\/Bildschirmfoto-2025-04-08-um-15.14.29.png\",\"datePublished\":\"2025-04-08T13:30:53+00:00\",\"dateModified\":\"2025-04-08T13:30:55+00:00\",\"author\":{\"@id\":\"https:\\\/\\\/schabziger.ch\\\/fr\\\/#\\\/schema\\\/person\\\/5d3f6252aad95ece405869f573641913\"},\"breadcrumb\":{\"@id\":\"https:\\\/\\\/schabziger.ch\\\/fr\\\/participation-ecrasante-au-concours-de-glarner-schabziger\\\/#breadcrumb\"},\"inLanguage\":\"fr-FR\",\"potentialAction\":[{\"@type\":\"ReadAction\",\"target\":[\"https:\\\/\\\/schabziger.ch\\\/fr\\\/participation-ecrasante-au-concours-de-glarner-schabziger\\\/\"]}]},{\"@type\":\"ImageObject\",\"inLanguage\":\"fr-FR\",\"@id\":\"https:\\\/\\\/schabziger.ch\\\/fr\\\/participation-ecrasante-au-concours-de-glarner-schabziger\\\/#primaryimage\",\"url\":\"https:\\\/\\\/schabziger.ch\\\/wp-content\\\/uploads\\\/2025\\\/04\\\/Bildschirmfoto-2025-04-08-um-15.14.29.png\",\"contentUrl\":\"https:\\\/\\\/schabziger.ch\\\/wp-content\\\/uploads\\\/2025\\\/04\\\/Bildschirmfoto-2025-04-08-um-15.14.29.png\",\"width\":1980,\"height\":1334,\"caption\":\"Peter Gubser\"},{\"@type\":\"BreadcrumbList\",\"@id\":\"https:\\\/\\\/schabziger.ch\\\/fr\\\/participation-ecrasante-au-concours-de-glarner-schabziger\\\/#breadcrumb\",\"itemListElement\":[{\"@type\":\"ListItem\",\"position\":1,\"name\":\"Startseite\",\"item\":\"https:\\\/\\\/schabziger.ch\\\/fr\\\/\"},{\"@type\":\"ListItem\",\"position\":2,\"name\":\"Participation \u00e9crasante au concours de Glarner Schabziger\"}]},{\"@type\":\"WebSite\",\"@id\":\"https:\\\/\\\/schabziger.ch\\\/fr\\\/#website\",\"url\":\"https:\\\/\\\/schabziger.ch\\\/fr\\\/\",\"name\":\"Schabziger\",\"description\":\"Uurw\u00fcrzig guet\",\"potentialAction\":[{\"@type\":\"SearchAction\",\"target\":{\"@type\":\"EntryPoint\",\"urlTemplate\":\"https:\\\/\\\/schabziger.ch\\\/fr\\\/?s={search_term_string}\"},\"query-input\":{\"@type\":\"PropertyValueSpecification\",\"valueRequired\":true,\"valueName\":\"search_term_string\"}}],\"inLanguage\":\"fr-FR\"},{\"@type\":\"Person\",\"@id\":\"https:\\\/\\\/schabziger.ch\\\/fr\\\/#\\\/schema\\\/person\\\/5d3f6252aad95ece405869f573641913\",\"name\":\"mmeier\",\"image\":{\"@type\":\"ImageObject\",\"inLanguage\":\"fr-FR\",\"@id\":\"https:\\\/\\\/secure.gravatar.com\\\/avatar\\\/917d6a103ed3d386809d984d48e7b760eaf708bac3f95df984251165f8f66160?s=96&d=mm&r=g\",\"url\":\"https:\\\/\\\/secure.gravatar.com\\\/avatar\\\/917d6a103ed3d386809d984d48e7b760eaf708bac3f95df984251165f8f66160?s=96&d=mm&r=g\",\"contentUrl\":\"https:\\\/\\\/secure.gravatar.com\\\/avatar\\\/917d6a103ed3d386809d984d48e7b760eaf708bac3f95df984251165f8f66160?s=96&d=mm&r=g\",\"caption\":\"mmeier\"},\"url\":\"https:\\\/\\\/schabziger.ch\\\/fr\\\/author\\\/mmeier\\\/\"}]}<\/script>\n<!-- \/ Yoast SEO plugin. -->","yoast_head_json":{"title":"Participation \u00e9crasante au concours de Glarner Schabziger - Schabziger","robots":{"index":"index","follow":"follow","max-snippet":"max-snippet:-1","max-image-preview":"max-image-preview:large","max-video-preview":"max-video-preview:-1"},"canonical":"https:\/\/schabziger.ch\/fr\/participation-ecrasante-au-concours-de-glarner-schabziger\/","og_locale":"fr_FR","og_type":"article","og_title":"Participation \u00e9crasante au concours de Glarner Schabziger - Schabziger","og_description":"Le concours du schabziger glaronnais a \u00e9t\u00e9 un grand succ\u00e8s : plus de 3200 participations t\u00e9moignent du grand int\u00e9r\u00eat et de l&rsquo;enthousiasme pour notre produit riche en traditions. Parmi tous les participants, 100 sacoches isothermes Zibu ont \u00e9t\u00e9 tir\u00e9es au sort &#8211; id\u00e9ales pour le printemps et l&rsquo;\u00e9t\u00e9 \u00e0 venir ! Les gagnants ont d\u00e9j\u00e0 [&hellip;]","og_url":"https:\/\/schabziger.ch\/fr\/participation-ecrasante-au-concours-de-glarner-schabziger\/","og_site_name":"Schabziger","article_published_time":"2025-04-08T13:30:53+00:00","article_modified_time":"2025-04-08T13:30:55+00:00","og_image":[{"width":1024,"height":690,"url":"https:\/\/schabziger.ch\/wp-content\/uploads\/2025\/04\/Bildschirmfoto-2025-04-08-um-15.14.29-1024x690.png","type":"image\/png"}],"author":"mmeier","twitter_card":"summary_large_image","twitter_misc":{"\u00c9crit par":"mmeier","Dur\u00e9e de lecture estim\u00e9e":"1 minute"},"schema":{"@context":"https:\/\/schema.org","@graph":[{"@type":"Article","@id":"https:\/\/schabziger.ch\/fr\/participation-ecrasante-au-concours-de-glarner-schabziger\/#article","isPartOf":{"@id":"https:\/\/schabziger.ch\/fr\/participation-ecrasante-au-concours-de-glarner-schabziger\/"},"author":{"name":"mmeier","@id":"https:\/\/schabziger.ch\/fr\/#\/schema\/person\/5d3f6252aad95ece405869f573641913"},"headline":"Participation \u00e9crasante au concours de Glarner Schabziger","datePublished":"2025-04-08T13:30:53+00:00","dateModified":"2025-04-08T13:30:55+00:00","mainEntityOfPage":{"@id":"https:\/\/schabziger.ch\/fr\/participation-ecrasante-au-concours-de-glarner-schabziger\/"},"wordCount":111,"commentCount":0,"image":{"@id":"https:\/\/schabziger.ch\/fr\/participation-ecrasante-au-concours-de-glarner-schabziger\/#primaryimage"},"thumbnailUrl":"https:\/\/schabziger.ch\/wp-content\/uploads\/2025\/04\/Bildschirmfoto-2025-04-08-um-15.14.29.png","articleSection":["Non classifi\u00e9(e)","Salutations glaronnaises","St\u00f6ckli","Tr\u00fcffel St\u00f6ckli"],"inLanguage":"fr-FR","potentialAction":[{"@type":"CommentAction","name":"Comment","target":["https:\/\/schabziger.ch\/fr\/participation-ecrasante-au-concours-de-glarner-schabziger\/#respond"]}]},{"@type":"WebPage","@id":"https:\/\/schabziger.ch\/fr\/participation-ecrasante-au-concours-de-glarner-schabziger\/","url":"https:\/\/schabziger.ch\/fr\/participation-ecrasante-au-concours-de-glarner-schabziger\/","name":"Participation \u00e9crasante au concours de Glarner Schabziger - Schabziger","isPartOf":{"@id":"https:\/\/schabziger.ch\/fr\/#website"},"primaryImageOfPage":{"@id":"https:\/\/schabziger.ch\/fr\/participation-ecrasante-au-concours-de-glarner-schabziger\/#primaryimage"},"image":{"@id":"https:\/\/schabziger.ch\/fr\/participation-ecrasante-au-concours-de-glarner-schabziger\/#primaryimage"},"thumbnailUrl":"https:\/\/schabziger.ch\/wp-content\/uploads\/2025\/04\/Bildschirmfoto-2025-04-08-um-15.14.29.png","datePublished":"2025-04-08T13:30:53+00:00","dateModified":"2025-04-08T13:30:55+00:00","author":{"@id":"https:\/\/schabziger.ch\/fr\/#\/schema\/person\/5d3f6252aad95ece405869f573641913"},"breadcrumb":{"@id":"https:\/\/schabziger.ch\/fr\/participation-ecrasante-au-concours-de-glarner-schabziger\/#breadcrumb"},"inLanguage":"fr-FR","potentialAction":[{"@type":"ReadAction","target":["https:\/\/schabziger.ch\/fr\/participation-ecrasante-au-concours-de-glarner-schabziger\/"]}]},{"@type":"ImageObject","inLanguage":"fr-FR","@id":"https:\/\/schabziger.ch\/fr\/participation-ecrasante-au-concours-de-glarner-schabziger\/#primaryimage","url":"https:\/\/schabziger.ch\/wp-content\/uploads\/2025\/04\/Bildschirmfoto-2025-04-08-um-15.14.29.png","contentUrl":"https:\/\/schabziger.ch\/wp-content\/uploads\/2025\/04\/Bildschirmfoto-2025-04-08-um-15.14.29.png","width":1980,"height":1334,"caption":"Peter Gubser"},{"@type":"BreadcrumbList","@id":"https:\/\/schabziger.ch\/fr\/participation-ecrasante-au-concours-de-glarner-schabziger\/#breadcrumb","itemListElement":[{"@type":"ListItem","position":1,"name":"Startseite","item":"https:\/\/schabziger.ch\/fr\/"},{"@type":"ListItem","position":2,"name":"Participation \u00e9crasante au concours de Glarner Schabziger"}]},{"@type":"WebSite","@id":"https:\/\/schabziger.ch\/fr\/#website","url":"https:\/\/schabziger.ch\/fr\/","name":"Schabziger","description":"Uurw\u00fcrzig guet","potentialAction":[{"@type":"SearchAction","target":{"@type":"EntryPoint","urlTemplate":"https:\/\/schabziger.ch\/fr\/?s={search_term_string}"},"query-input":{"@type":"PropertyValueSpecification","valueRequired":true,"valueName":"search_term_string"}}],"inLanguage":"fr-FR"},{"@type":"Person","@id":"https:\/\/schabziger.ch\/fr\/#\/schema\/person\/5d3f6252aad95ece405869f573641913","name":"mmeier","image":{"@type":"ImageObject","inLanguage":"fr-FR","@id":"https:\/\/secure.gravatar.com\/avatar\/917d6a103ed3d386809d984d48e7b760eaf708bac3f95df984251165f8f66160?s=96&d=mm&r=g","url":"https:\/\/secure.gravatar.com\/avatar\/917d6a103ed3d386809d984d48e7b760eaf708bac3f95df984251165f8f66160?s=96&d=mm&r=g","contentUrl":"https:\/\/secure.gravatar.com\/avatar\/917d6a103ed3d386809d984d48e7b760eaf708bac3f95df984251165f8f66160?s=96&d=mm&r=g","caption":"mmeier"},"url":"https:\/\/schabziger.ch\/fr\/author\/mmeier\/"}]}},"_links":{"self":[{"href":"https:\/\/schabziger.ch\/fr\/wp-json\/wp\/v2\/posts\/3558","targetHints":{"allow":["GET"]}}],"collection":[{"href":"https:\/\/schabziger.ch\/fr\/wp-json\/wp\/v2\/posts"}],"about":[{"href":"https:\/\/schabziger.ch\/fr\/wp-json\/wp\/v2\/types\/post"}],"author":[{"embeddable":true,"href":"https:\/\/schabziger.ch\/fr\/wp-json\/wp\/v2\/users\/5"}],"replies":[{"embeddable":true,"href":"https:\/\/schabziger.ch\/fr\/wp-json\/wp\/v2\/comments?post=3558"}],"version-history":[{"count":2,"href":"https:\/\/schabziger.ch\/fr\/wp-json\/wp\/v2\/posts\/3558\/revisions"}],"predecessor-version":[{"id":3561,"href":"https:\/\/schabziger.ch\/fr\/wp-json\/wp\/v2\/posts\/3558\/revisions\/3561"}],"wp:featuredmedia":[{"embeddable":true,"href":"https:\/\/schabziger.ch\/fr\/wp-json\/wp\/v2\/media\/3556"}],"wp:attachment":[{"href":"https:\/\/schabziger.ch\/fr\/wp-json\/wp\/v2\/media?parent=3558"}],"wp:term":[{"taxonomy":"category","embeddable":true,"href":"https:\/\/schabziger.ch\/fr\/wp-json\/wp\/v2\/categories?post=3558"},{"taxonomy":"post_tag","embeddable":true,"href":"https:\/\/schabziger.ch\/fr\/wp-json\/wp\/v2\/tags?post=3558"}],"curies":[{"name":"wp","href":"https:\/\/api.w.org\/{rel}","templated":true}]}}