{"id":1425,"date":"2019-10-03T10:53:00","date_gmt":"2019-10-03T08:53:00","guid":{"rendered":"https:\/\/geska.brandneu.ch\/anuga-2019-foire-de-cologne\/"},"modified":"2023-03-21T13:49:51","modified_gmt":"2023-03-21T12:49:51","slug":"anuga-2019-foire-de-cologne","status":"publish","type":"post","link":"https:\/\/schabziger.ch\/fr\/anuga-2019-foire-de-cologne\/","title":{"rendered":"Anuga 2019 &#8211; Foire de Cologne"},"content":{"rendered":"\n<figure class=\"wp-block-image size-full\"><img loading=\"lazy\" decoding=\"async\" width=\"800\" height=\"385\" src=\"https:\/\/schabziger.ch\/wp-content\/uploads\/2022\/05\/anuga_2019_2-800x385-1.jpeg\" alt=\"\" class=\"wp-image-505\" srcset=\"https:\/\/schabziger.ch\/wp-content\/uploads\/2022\/05\/anuga_2019_2-800x385-1.jpeg 800w, https:\/\/schabziger.ch\/wp-content\/uploads\/2022\/05\/anuga_2019_2-800x385-1-300x144.jpeg 300w, https:\/\/schabziger.ch\/wp-content\/uploads\/2022\/05\/anuga_2019_2-800x385-1-768x370.jpeg 768w\" sizes=\"auto, (max-width: 800px) 100vw, 800px\" \/><\/figure>\n\n<h1 class=\"wp-block-heading\">Nous sommes pr\u00e9sents \u00e0 l&rsquo;ANUGA \u00e0 Cologne<\/h1>\n\n<h3 class=\"wp-block-heading\">05 &#8211; 09 octobre 2019<\/h3>\n\n<p><strong>Hall 10.1 \/ Stand B029a<\/strong><\/p>\n\n<p>Cette ann\u00e9e encore, vous avez la chance d&rsquo;assister au principal salon alimentaire de Cologne. L&rsquo;Anuga accueille des exposants et des visiteurs professionnels du monde entier.<br\/>Nous pr\u00e9sentons entre autres notre nouveau produit piquant, le&#8230;<\/p>\n\n<h2 class=\"wp-block-heading\">\u00ab\u00a0Hot Pink Cheese\u00a0\u00bb St\u00f6ckli<\/h2>\n\n<p><strong>La nouvelle surprise gustative du pays de Glaris<\/strong><\/p>\n\n<p>Le Hot Pink Cheese St\u00f6ckli, la nouvelle surprise gustative passionnante, enchante les repas les plus divers pour en faire une exp\u00e9rience gustative particuli\u00e8re. Le fromage \u00e9pic\u00e9 rose, \u00e0 la forme conique incomparable, ne s\u00e9duit pas seulement par sa couleur, mais aussi par sa saveur particuli\u00e8re, soutenue par un piquant discret.<\/p>\n\n<p>Un fromage maigre du pays de Glaris \u00e0 l&rsquo;aspect et au go\u00fbt int\u00e9ressants, qui convient \u00e0 l&rsquo;assaisonnement de presque tous les plats et mets. Il compl\u00e8te le St\u00f6ckli au schabziger glaronnais et le St\u00f6ckli blanc \u00e0 la truffe, d\u00e9j\u00e0 \u00e9tablis depuis des si\u00e8cles. Ce trio est une profession de foi en faveur des v\u00e9ritables produits suisses, fabriqu\u00e9s \u00e0 partir du pr\u00e9cieux lait de vache du pays de Glaris.<\/p>\n\n<p>Le Hot Pink Cheese St\u00f6ckli correspond \u00e0 une alimentation moderne et saine, il est comme les deux autres produits, sans lactose, pauvre en mati\u00e8res grasses et riche en prot\u00e9ines. Un v\u00e9ritable nouveau produit suisse qui, nous l&rsquo;esp\u00e9rons, se retrouvera bient\u00f4t dans les rayons des d\u00e9taillants et des grands distributeurs. Les consommateurs qui attachent de l&rsquo;importance \u00e0 une cuisine vari\u00e9e et qui pr\u00e9f\u00e8rent les vrais produits suisses y trouveront leur compte avec cette nouveaut\u00e9.<\/p>\n","protected":false},"excerpt":{"rendered":"<p>Cette ann\u00e9e encore, vous avez la chance d&rsquo;assister au principal salon alimentaire de Cologne.<\/p>\n","protected":false},"author":1,"featured_media":1222,"comment_status":"open","ping_status":"open","sticky":false,"template":"","format":"standard","meta":{"_acf_changed":false,"inline_featured_image":false,"footnotes":""},"categories":[9],"tags":[],"class_list":["post-1425","post","type-post","status-publish","format-standard","has-post-thumbnail","hentry","category-non-classifiee"],"acf":[],"yoast_head":"<!-- This site is optimized with the Yoast SEO plugin v27.5 - https:\/\/yoast.com\/product\/yoast-seo-wordpress\/ -->\n<title>Anuga 2019 - Foire de Cologne - Schabziger<\/title>\n<meta name=\"description\" content=\"Depuis l&#039;attribution de l&#039;organisation de la plus grande f\u00eate sportive et populaire de Suisse le jour de la Saint-Fridolin de cette ann\u00e9e, les travaux de pr\u00e9paration battent leur plein.\" \/>\n<meta name=\"robots\" content=\"index, follow, max-snippet:-1, max-image-preview:large, max-video-preview:-1\" \/>\n<link rel=\"canonical\" href=\"https:\/\/schabziger.ch\/fr\/anuga-2019-foire-de-cologne\/\" \/>\n<meta property=\"og:locale\" content=\"fr_FR\" \/>\n<meta property=\"og:type\" content=\"article\" \/>\n<meta property=\"og:title\" content=\"Anuga 2019 - Foire de Cologne - Schabziger\" \/>\n<meta property=\"og:description\" content=\"Depuis l&#039;attribution de l&#039;organisation de la plus grande f\u00eate sportive et populaire de Suisse le jour de la Saint-Fridolin de cette ann\u00e9e, les travaux de pr\u00e9paration battent leur plein.\" \/>\n<meta property=\"og:url\" content=\"https:\/\/schabziger.ch\/fr\/anuga-2019-foire-de-cologne\/\" \/>\n<meta property=\"og:site_name\" content=\"Schabziger\" \/>\n<meta property=\"article:published_time\" content=\"2019-10-03T08:53:00+00:00\" \/>\n<meta property=\"article:modified_time\" content=\"2023-03-21T12:49:51+00:00\" \/>\n<meta property=\"og:image\" content=\"https:\/\/schabziger.ch\/wp-content\/uploads\/2022\/05\/anuga_2019.jpg\" \/>\n\t<meta property=\"og:image:width\" content=\"1273\" \/>\n\t<meta property=\"og:image:height\" content=\"613\" \/>\n\t<meta property=\"og:image:type\" content=\"image\/jpeg\" \/>\n<meta name=\"author\" content=\"streuplan\" \/>\n<meta name=\"twitter:card\" content=\"summary_large_image\" \/>\n<meta name=\"twitter:label1\" content=\"\u00c9crit par\" \/>\n\t<meta name=\"twitter:data1\" content=\"streuplan\" \/>\n\t<meta name=\"twitter:label2\" content=\"Dur\u00e9e de lecture estim\u00e9e\" \/>\n\t<meta name=\"twitter:data2\" content=\"1 minute\" \/>\n<script type=\"application\/ld+json\" class=\"yoast-schema-graph\">{\"@context\":\"https:\\\/\\\/schema.org\",\"@graph\":[{\"@type\":\"Article\",\"@id\":\"https:\\\/\\\/schabziger.ch\\\/fr\\\/anuga-2019-foire-de-cologne\\\/#article\",\"isPartOf\":{\"@id\":\"https:\\\/\\\/schabziger.ch\\\/fr\\\/anuga-2019-foire-de-cologne\\\/\"},\"author\":{\"name\":\"streuplan\",\"@id\":\"https:\\\/\\\/schabziger.ch\\\/fr\\\/#\\\/schema\\\/person\\\/2f4b3214ec36e0284d37cb7e090ac686\"},\"headline\":\"Anuga 2019 &#8211; Foire de Cologne\",\"datePublished\":\"2019-10-03T08:53:00+00:00\",\"dateModified\":\"2023-03-21T12:49:51+00:00\",\"mainEntityOfPage\":{\"@id\":\"https:\\\/\\\/schabziger.ch\\\/fr\\\/anuga-2019-foire-de-cologne\\\/\"},\"wordCount\":282,\"commentCount\":0,\"image\":{\"@id\":\"https:\\\/\\\/schabziger.ch\\\/fr\\\/anuga-2019-foire-de-cologne\\\/#primaryimage\"},\"thumbnailUrl\":\"https:\\\/\\\/schabziger.ch\\\/wp-content\\\/uploads\\\/2022\\\/05\\\/anuga_2019.jpg\",\"articleSection\":[\"Non classifi\u00e9(e)\"],\"inLanguage\":\"fr-FR\",\"potentialAction\":[{\"@type\":\"CommentAction\",\"name\":\"Comment\",\"target\":[\"https:\\\/\\\/schabziger.ch\\\/fr\\\/anuga-2019-foire-de-cologne\\\/#respond\"]}]},{\"@type\":\"WebPage\",\"@id\":\"https:\\\/\\\/schabziger.ch\\\/fr\\\/anuga-2019-foire-de-cologne\\\/\",\"url\":\"https:\\\/\\\/schabziger.ch\\\/fr\\\/anuga-2019-foire-de-cologne\\\/\",\"name\":\"Anuga 2019 - Foire de Cologne - Schabziger\",\"isPartOf\":{\"@id\":\"https:\\\/\\\/schabziger.ch\\\/fr\\\/#website\"},\"primaryImageOfPage\":{\"@id\":\"https:\\\/\\\/schabziger.ch\\\/fr\\\/anuga-2019-foire-de-cologne\\\/#primaryimage\"},\"image\":{\"@id\":\"https:\\\/\\\/schabziger.ch\\\/fr\\\/anuga-2019-foire-de-cologne\\\/#primaryimage\"},\"thumbnailUrl\":\"https:\\\/\\\/schabziger.ch\\\/wp-content\\\/uploads\\\/2022\\\/05\\\/anuga_2019.jpg\",\"datePublished\":\"2019-10-03T08:53:00+00:00\",\"dateModified\":\"2023-03-21T12:49:51+00:00\",\"author\":{\"@id\":\"https:\\\/\\\/schabziger.ch\\\/fr\\\/#\\\/schema\\\/person\\\/2f4b3214ec36e0284d37cb7e090ac686\"},\"description\":\"Depuis l'attribution de l'organisation de la plus grande f\u00eate sportive et populaire de Suisse le jour de la Saint-Fridolin de cette ann\u00e9e, les travaux de pr\u00e9paration battent leur plein.\",\"breadcrumb\":{\"@id\":\"https:\\\/\\\/schabziger.ch\\\/fr\\\/anuga-2019-foire-de-cologne\\\/#breadcrumb\"},\"inLanguage\":\"fr-FR\",\"potentialAction\":[{\"@type\":\"ReadAction\",\"target\":[\"https:\\\/\\\/schabziger.ch\\\/fr\\\/anuga-2019-foire-de-cologne\\\/\"]}]},{\"@type\":\"ImageObject\",\"inLanguage\":\"fr-FR\",\"@id\":\"https:\\\/\\\/schabziger.ch\\\/fr\\\/anuga-2019-foire-de-cologne\\\/#primaryimage\",\"url\":\"https:\\\/\\\/schabziger.ch\\\/wp-content\\\/uploads\\\/2022\\\/05\\\/anuga_2019.jpg\",\"contentUrl\":\"https:\\\/\\\/schabziger.ch\\\/wp-content\\\/uploads\\\/2022\\\/05\\\/anuga_2019.jpg\",\"width\":1273,\"height\":613},{\"@type\":\"BreadcrumbList\",\"@id\":\"https:\\\/\\\/schabziger.ch\\\/fr\\\/anuga-2019-foire-de-cologne\\\/#breadcrumb\",\"itemListElement\":[{\"@type\":\"ListItem\",\"position\":1,\"name\":\"Startseite\",\"item\":\"https:\\\/\\\/schabziger.ch\\\/fr\\\/\"},{\"@type\":\"ListItem\",\"position\":2,\"name\":\"Anuga 2019 &#8211; Foire de Cologne\"}]},{\"@type\":\"WebSite\",\"@id\":\"https:\\\/\\\/schabziger.ch\\\/fr\\\/#website\",\"url\":\"https:\\\/\\\/schabziger.ch\\\/fr\\\/\",\"name\":\"Schabziger\",\"description\":\"Uurw\u00fcrzig guet\",\"potentialAction\":[{\"@type\":\"SearchAction\",\"target\":{\"@type\":\"EntryPoint\",\"urlTemplate\":\"https:\\\/\\\/schabziger.ch\\\/fr\\\/?s={search_term_string}\"},\"query-input\":{\"@type\":\"PropertyValueSpecification\",\"valueRequired\":true,\"valueName\":\"search_term_string\"}}],\"inLanguage\":\"fr-FR\"},{\"@type\":\"Person\",\"@id\":\"https:\\\/\\\/schabziger.ch\\\/fr\\\/#\\\/schema\\\/person\\\/2f4b3214ec36e0284d37cb7e090ac686\",\"name\":\"streuplan\",\"image\":{\"@type\":\"ImageObject\",\"inLanguage\":\"fr-FR\",\"@id\":\"https:\\\/\\\/secure.gravatar.com\\\/avatar\\\/c555ed4de7ca38b86317fa30767279502f2444f3e7ad26c4000395a5f008e51d?s=96&d=mm&r=g\",\"url\":\"https:\\\/\\\/secure.gravatar.com\\\/avatar\\\/c555ed4de7ca38b86317fa30767279502f2444f3e7ad26c4000395a5f008e51d?s=96&d=mm&r=g\",\"contentUrl\":\"https:\\\/\\\/secure.gravatar.com\\\/avatar\\\/c555ed4de7ca38b86317fa30767279502f2444f3e7ad26c4000395a5f008e51d?s=96&d=mm&r=g\",\"caption\":\"streuplan\"},\"sameAs\":[\"http:\\\/\\\/schabziger.ch\"],\"url\":\"https:\\\/\\\/schabziger.ch\\\/fr\\\/author\\\/streuplan\\\/\"}]}<\/script>\n<!-- \/ Yoast SEO plugin. -->","yoast_head_json":{"title":"Anuga 2019 - Foire de Cologne - Schabziger","description":"Depuis l'attribution de l'organisation de la plus grande f\u00eate sportive et populaire de Suisse le jour de la Saint-Fridolin de cette ann\u00e9e, les travaux de pr\u00e9paration battent leur plein.","robots":{"index":"index","follow":"follow","max-snippet":"max-snippet:-1","max-image-preview":"max-image-preview:large","max-video-preview":"max-video-preview:-1"},"canonical":"https:\/\/schabziger.ch\/fr\/anuga-2019-foire-de-cologne\/","og_locale":"fr_FR","og_type":"article","og_title":"Anuga 2019 - Foire de Cologne - Schabziger","og_description":"Depuis l'attribution de l'organisation de la plus grande f\u00eate sportive et populaire de Suisse le jour de la Saint-Fridolin de cette ann\u00e9e, les travaux de pr\u00e9paration battent leur plein.","og_url":"https:\/\/schabziger.ch\/fr\/anuga-2019-foire-de-cologne\/","og_site_name":"Schabziger","article_published_time":"2019-10-03T08:53:00+00:00","article_modified_time":"2023-03-21T12:49:51+00:00","og_image":[{"width":1273,"height":613,"url":"https:\/\/schabziger.ch\/wp-content\/uploads\/2022\/05\/anuga_2019.jpg","type":"image\/jpeg"}],"author":"streuplan","twitter_card":"summary_large_image","twitter_misc":{"\u00c9crit par":"streuplan","Dur\u00e9e de lecture estim\u00e9e":"1 minute"},"schema":{"@context":"https:\/\/schema.org","@graph":[{"@type":"Article","@id":"https:\/\/schabziger.ch\/fr\/anuga-2019-foire-de-cologne\/#article","isPartOf":{"@id":"https:\/\/schabziger.ch\/fr\/anuga-2019-foire-de-cologne\/"},"author":{"name":"streuplan","@id":"https:\/\/schabziger.ch\/fr\/#\/schema\/person\/2f4b3214ec36e0284d37cb7e090ac686"},"headline":"Anuga 2019 &#8211; Foire de Cologne","datePublished":"2019-10-03T08:53:00+00:00","dateModified":"2023-03-21T12:49:51+00:00","mainEntityOfPage":{"@id":"https:\/\/schabziger.ch\/fr\/anuga-2019-foire-de-cologne\/"},"wordCount":282,"commentCount":0,"image":{"@id":"https:\/\/schabziger.ch\/fr\/anuga-2019-foire-de-cologne\/#primaryimage"},"thumbnailUrl":"https:\/\/schabziger.ch\/wp-content\/uploads\/2022\/05\/anuga_2019.jpg","articleSection":["Non classifi\u00e9(e)"],"inLanguage":"fr-FR","potentialAction":[{"@type":"CommentAction","name":"Comment","target":["https:\/\/schabziger.ch\/fr\/anuga-2019-foire-de-cologne\/#respond"]}]},{"@type":"WebPage","@id":"https:\/\/schabziger.ch\/fr\/anuga-2019-foire-de-cologne\/","url":"https:\/\/schabziger.ch\/fr\/anuga-2019-foire-de-cologne\/","name":"Anuga 2019 - Foire de Cologne - Schabziger","isPartOf":{"@id":"https:\/\/schabziger.ch\/fr\/#website"},"primaryImageOfPage":{"@id":"https:\/\/schabziger.ch\/fr\/anuga-2019-foire-de-cologne\/#primaryimage"},"image":{"@id":"https:\/\/schabziger.ch\/fr\/anuga-2019-foire-de-cologne\/#primaryimage"},"thumbnailUrl":"https:\/\/schabziger.ch\/wp-content\/uploads\/2022\/05\/anuga_2019.jpg","datePublished":"2019-10-03T08:53:00+00:00","dateModified":"2023-03-21T12:49:51+00:00","author":{"@id":"https:\/\/schabziger.ch\/fr\/#\/schema\/person\/2f4b3214ec36e0284d37cb7e090ac686"},"description":"Depuis l'attribution de l'organisation de la plus grande f\u00eate sportive et populaire de Suisse le jour de la Saint-Fridolin de cette ann\u00e9e, les travaux de pr\u00e9paration battent leur plein.","breadcrumb":{"@id":"https:\/\/schabziger.ch\/fr\/anuga-2019-foire-de-cologne\/#breadcrumb"},"inLanguage":"fr-FR","potentialAction":[{"@type":"ReadAction","target":["https:\/\/schabziger.ch\/fr\/anuga-2019-foire-de-cologne\/"]}]},{"@type":"ImageObject","inLanguage":"fr-FR","@id":"https:\/\/schabziger.ch\/fr\/anuga-2019-foire-de-cologne\/#primaryimage","url":"https:\/\/schabziger.ch\/wp-content\/uploads\/2022\/05\/anuga_2019.jpg","contentUrl":"https:\/\/schabziger.ch\/wp-content\/uploads\/2022\/05\/anuga_2019.jpg","width":1273,"height":613},{"@type":"BreadcrumbList","@id":"https:\/\/schabziger.ch\/fr\/anuga-2019-foire-de-cologne\/#breadcrumb","itemListElement":[{"@type":"ListItem","position":1,"name":"Startseite","item":"https:\/\/schabziger.ch\/fr\/"},{"@type":"ListItem","position":2,"name":"Anuga 2019 &#8211; Foire de Cologne"}]},{"@type":"WebSite","@id":"https:\/\/schabziger.ch\/fr\/#website","url":"https:\/\/schabziger.ch\/fr\/","name":"Schabziger","description":"Uurw\u00fcrzig guet","potentialAction":[{"@type":"SearchAction","target":{"@type":"EntryPoint","urlTemplate":"https:\/\/schabziger.ch\/fr\/?s={search_term_string}"},"query-input":{"@type":"PropertyValueSpecification","valueRequired":true,"valueName":"search_term_string"}}],"inLanguage":"fr-FR"},{"@type":"Person","@id":"https:\/\/schabziger.ch\/fr\/#\/schema\/person\/2f4b3214ec36e0284d37cb7e090ac686","name":"streuplan","image":{"@type":"ImageObject","inLanguage":"fr-FR","@id":"https:\/\/secure.gravatar.com\/avatar\/c555ed4de7ca38b86317fa30767279502f2444f3e7ad26c4000395a5f008e51d?s=96&d=mm&r=g","url":"https:\/\/secure.gravatar.com\/avatar\/c555ed4de7ca38b86317fa30767279502f2444f3e7ad26c4000395a5f008e51d?s=96&d=mm&r=g","contentUrl":"https:\/\/secure.gravatar.com\/avatar\/c555ed4de7ca38b86317fa30767279502f2444f3e7ad26c4000395a5f008e51d?s=96&d=mm&r=g","caption":"streuplan"},"sameAs":["http:\/\/schabziger.ch"],"url":"https:\/\/schabziger.ch\/fr\/author\/streuplan\/"}]}},"_links":{"self":[{"href":"https:\/\/schabziger.ch\/fr\/wp-json\/wp\/v2\/posts\/1425","targetHints":{"allow":["GET"]}}],"collection":[{"href":"https:\/\/schabziger.ch\/fr\/wp-json\/wp\/v2\/posts"}],"about":[{"href":"https:\/\/schabziger.ch\/fr\/wp-json\/wp\/v2\/types\/post"}],"author":[{"embeddable":true,"href":"https:\/\/schabziger.ch\/fr\/wp-json\/wp\/v2\/users\/1"}],"replies":[{"embeddable":true,"href":"https:\/\/schabziger.ch\/fr\/wp-json\/wp\/v2\/comments?post=1425"}],"version-history":[{"count":2,"href":"https:\/\/schabziger.ch\/fr\/wp-json\/wp\/v2\/posts\/1425\/revisions"}],"predecessor-version":[{"id":1945,"href":"https:\/\/schabziger.ch\/fr\/wp-json\/wp\/v2\/posts\/1425\/revisions\/1945"}],"wp:featuredmedia":[{"embeddable":true,"href":"https:\/\/schabziger.ch\/fr\/wp-json\/wp\/v2\/media\/1222"}],"wp:attachment":[{"href":"https:\/\/schabziger.ch\/fr\/wp-json\/wp\/v2\/media?parent=1425"}],"wp:term":[{"taxonomy":"category","embeddable":true,"href":"https:\/\/schabziger.ch\/fr\/wp-json\/wp\/v2\/categories?post=1425"},{"taxonomy":"post_tag","embeddable":true,"href":"https:\/\/schabziger.ch\/fr\/wp-json\/wp\/v2\/tags?post=1425"}],"curies":[{"name":"wp","href":"https:\/\/api.w.org\/{rel}","templated":true}]}}