{"id":1410,"date":"2016-10-07T15:20:00","date_gmt":"2016-10-07T13:20:00","guid":{"rendered":"https:\/\/geska.brandneu.ch\/nous-nous-engageons-aussi-pour-la-protection-du-climat%ef%bf%bc\/"},"modified":"2023-03-21T13:50:26","modified_gmt":"2023-03-21T12:50:26","slug":"nous-nous-engageons-aussi-pour-la-protection-du-climat","status":"publish","type":"post","link":"https:\/\/schabziger.ch\/fr\/nous-nous-engageons-aussi-pour-la-protection-du-climat\/","title":{"rendered":"Nous nous engageons aussi pour la protection du climat!\ufffc"},"content":{"rendered":"\n<figure class=\"wp-block-image size-full\"><img loading=\"lazy\" decoding=\"async\" width=\"800\" height=\"533\" src=\"https:\/\/schabziger.ch\/wp-content\/uploads\/2022\/05\/fairrec-800x533-1.jpeg\" alt=\"\" class=\"wp-image-714\" srcset=\"https:\/\/schabziger.ch\/wp-content\/uploads\/2022\/05\/fairrec-800x533-1.jpeg 800w, https:\/\/schabziger.ch\/wp-content\/uploads\/2022\/05\/fairrec-800x533-1-300x200.jpeg 300w, https:\/\/schabziger.ch\/wp-content\/uploads\/2022\/05\/fairrec-800x533-1-768x512.jpeg 768w\" sizes=\"auto, (max-width: 800px) 100vw, 800px\" \/><\/figure>\n\n<h1 class=\"wp-block-heading\">Protection du climat chez Glarner Schabziger<\/h1>\n\n<p>En tant que productrice du plus ancien produit de marque de Suisse, le schabziger glaronnais, la GESKA s&rsquo;engage depuis toujours en faveur du d\u00e9veloppement durable. Aujourd&rsquo;hui, elle franchit une nouvelle \u00e9tape importante en compensant toutes les \u00e9missions de gaz \u00e0 effet de serre in\u00e9vitables gr\u00e2ce au projet de protection du climat de la fondation suisse Fair Recycling. Voici notre <a href=\"https:\/\/geska.ch\/wp-content\/uploads\/2016\/10\/290916_Klimaschutzzertifikat.pdf\">290916_certificat de protection du climat<\/a>.<\/p>\n","protected":false},"excerpt":{"rendered":"<p>En tant que producteur du plus ancien produit de marque de Suisse, GESKA s&rsquo;engage depuis toujours pour la durabilit\u00e9.<\/p>\n","protected":false},"author":1,"featured_media":1300,"comment_status":"open","ping_status":"open","sticky":false,"template":"","format":"standard","meta":{"_acf_changed":false,"inline_featured_image":false,"footnotes":""},"categories":[9],"tags":[],"class_list":["post-1410","post","type-post","status-publish","format-standard","has-post-thumbnail","hentry","category-non-classifiee"],"acf":[],"yoast_head":"<!-- This site is optimized with the Yoast SEO plugin v27.5 - https:\/\/yoast.com\/product\/yoast-seo-wordpress\/ -->\n<title>Nous nous engageons aussi pour la protection du climat!\ufffc - Schabziger<\/title>\n<meta name=\"description\" content=\"Depuis l&#039;attribution de l&#039;organisation de la plus grande f\u00eate sportive et populaire de Suisse le jour de la Saint-Fridolin de cette ann\u00e9e, les travaux de pr\u00e9paration battent leur plein.\" \/>\n<meta name=\"robots\" content=\"index, follow, max-snippet:-1, max-image-preview:large, max-video-preview:-1\" \/>\n<link rel=\"canonical\" href=\"https:\/\/schabziger.ch\/fr\/nous-nous-engageons-aussi-pour-la-protection-du-climat\/\" \/>\n<meta property=\"og:locale\" content=\"fr_FR\" \/>\n<meta property=\"og:type\" content=\"article\" \/>\n<meta property=\"og:title\" content=\"Nous nous engageons aussi pour la protection du climat!\ufffc - Schabziger\" \/>\n<meta property=\"og:description\" content=\"Depuis l&#039;attribution de l&#039;organisation de la plus grande f\u00eate sportive et populaire de Suisse le jour de la Saint-Fridolin de cette ann\u00e9e, les travaux de pr\u00e9paration battent leur plein.\" \/>\n<meta property=\"og:url\" content=\"https:\/\/schabziger.ch\/fr\/nous-nous-engageons-aussi-pour-la-protection-du-climat\/\" \/>\n<meta property=\"og:site_name\" content=\"Schabziger\" \/>\n<meta property=\"article:published_time\" content=\"2016-10-07T13:20:00+00:00\" \/>\n<meta property=\"article:modified_time\" content=\"2023-03-21T12:50:26+00:00\" \/>\n<meta property=\"og:image\" content=\"https:\/\/schabziger.ch\/wp-content\/uploads\/2022\/05\/fairrec-800x533-1.jpeg\" \/>\n\t<meta property=\"og:image:width\" content=\"800\" \/>\n\t<meta property=\"og:image:height\" content=\"533\" \/>\n\t<meta property=\"og:image:type\" content=\"image\/jpeg\" \/>\n<meta name=\"author\" content=\"streuplan\" \/>\n<meta name=\"twitter:card\" content=\"summary_large_image\" \/>\n<meta name=\"twitter:label1\" content=\"\u00c9crit par\" \/>\n\t<meta name=\"twitter:data1\" content=\"streuplan\" \/>\n<script type=\"application\/ld+json\" class=\"yoast-schema-graph\">{\"@context\":\"https:\\\/\\\/schema.org\",\"@graph\":[{\"@type\":\"Article\",\"@id\":\"https:\\\/\\\/schabziger.ch\\\/fr\\\/nous-nous-engageons-aussi-pour-la-protection-du-climat\\\/#article\",\"isPartOf\":{\"@id\":\"https:\\\/\\\/schabziger.ch\\\/fr\\\/nous-nous-engageons-aussi-pour-la-protection-du-climat\\\/\"},\"author\":{\"name\":\"streuplan\",\"@id\":\"https:\\\/\\\/schabziger.ch\\\/fr\\\/#\\\/schema\\\/person\\\/2f4b3214ec36e0284d37cb7e090ac686\"},\"headline\":\"Nous nous engageons aussi pour la protection du climat!\ufffc\",\"datePublished\":\"2016-10-07T13:20:00+00:00\",\"dateModified\":\"2023-03-21T12:50:26+00:00\",\"mainEntityOfPage\":{\"@id\":\"https:\\\/\\\/schabziger.ch\\\/fr\\\/nous-nous-engageons-aussi-pour-la-protection-du-climat\\\/\"},\"wordCount\":83,\"commentCount\":0,\"image\":{\"@id\":\"https:\\\/\\\/schabziger.ch\\\/fr\\\/nous-nous-engageons-aussi-pour-la-protection-du-climat\\\/#primaryimage\"},\"thumbnailUrl\":\"https:\\\/\\\/schabziger.ch\\\/wp-content\\\/uploads\\\/2022\\\/05\\\/fairrec-800x533-1.jpeg\",\"articleSection\":[\"Non classifi\u00e9(e)\"],\"inLanguage\":\"fr-FR\",\"potentialAction\":[{\"@type\":\"CommentAction\",\"name\":\"Comment\",\"target\":[\"https:\\\/\\\/schabziger.ch\\\/fr\\\/nous-nous-engageons-aussi-pour-la-protection-du-climat\\\/#respond\"]}]},{\"@type\":\"WebPage\",\"@id\":\"https:\\\/\\\/schabziger.ch\\\/fr\\\/nous-nous-engageons-aussi-pour-la-protection-du-climat\\\/\",\"url\":\"https:\\\/\\\/schabziger.ch\\\/fr\\\/nous-nous-engageons-aussi-pour-la-protection-du-climat\\\/\",\"name\":\"Nous nous engageons aussi pour la protection du climat!\ufffc - Schabziger\",\"isPartOf\":{\"@id\":\"https:\\\/\\\/schabziger.ch\\\/fr\\\/#website\"},\"primaryImageOfPage\":{\"@id\":\"https:\\\/\\\/schabziger.ch\\\/fr\\\/nous-nous-engageons-aussi-pour-la-protection-du-climat\\\/#primaryimage\"},\"image\":{\"@id\":\"https:\\\/\\\/schabziger.ch\\\/fr\\\/nous-nous-engageons-aussi-pour-la-protection-du-climat\\\/#primaryimage\"},\"thumbnailUrl\":\"https:\\\/\\\/schabziger.ch\\\/wp-content\\\/uploads\\\/2022\\\/05\\\/fairrec-800x533-1.jpeg\",\"datePublished\":\"2016-10-07T13:20:00+00:00\",\"dateModified\":\"2023-03-21T12:50:26+00:00\",\"author\":{\"@id\":\"https:\\\/\\\/schabziger.ch\\\/fr\\\/#\\\/schema\\\/person\\\/2f4b3214ec36e0284d37cb7e090ac686\"},\"description\":\"Depuis l'attribution de l'organisation de la plus grande f\u00eate sportive et populaire de Suisse le jour de la Saint-Fridolin de cette ann\u00e9e, les travaux de pr\u00e9paration battent leur plein.\",\"breadcrumb\":{\"@id\":\"https:\\\/\\\/schabziger.ch\\\/fr\\\/nous-nous-engageons-aussi-pour-la-protection-du-climat\\\/#breadcrumb\"},\"inLanguage\":\"fr-FR\",\"potentialAction\":[{\"@type\":\"ReadAction\",\"target\":[\"https:\\\/\\\/schabziger.ch\\\/fr\\\/nous-nous-engageons-aussi-pour-la-protection-du-climat\\\/\"]}]},{\"@type\":\"ImageObject\",\"inLanguage\":\"fr-FR\",\"@id\":\"https:\\\/\\\/schabziger.ch\\\/fr\\\/nous-nous-engageons-aussi-pour-la-protection-du-climat\\\/#primaryimage\",\"url\":\"https:\\\/\\\/schabziger.ch\\\/wp-content\\\/uploads\\\/2022\\\/05\\\/fairrec-800x533-1.jpeg\",\"contentUrl\":\"https:\\\/\\\/schabziger.ch\\\/wp-content\\\/uploads\\\/2022\\\/05\\\/fairrec-800x533-1.jpeg\",\"width\":800,\"height\":533},{\"@type\":\"BreadcrumbList\",\"@id\":\"https:\\\/\\\/schabziger.ch\\\/fr\\\/nous-nous-engageons-aussi-pour-la-protection-du-climat\\\/#breadcrumb\",\"itemListElement\":[{\"@type\":\"ListItem\",\"position\":1,\"name\":\"Startseite\",\"item\":\"https:\\\/\\\/schabziger.ch\\\/fr\\\/\"},{\"@type\":\"ListItem\",\"position\":2,\"name\":\"Nous nous engageons aussi pour la protection du climat!\ufffc\"}]},{\"@type\":\"WebSite\",\"@id\":\"https:\\\/\\\/schabziger.ch\\\/fr\\\/#website\",\"url\":\"https:\\\/\\\/schabziger.ch\\\/fr\\\/\",\"name\":\"Schabziger\",\"description\":\"Uurw\u00fcrzig guet\",\"potentialAction\":[{\"@type\":\"SearchAction\",\"target\":{\"@type\":\"EntryPoint\",\"urlTemplate\":\"https:\\\/\\\/schabziger.ch\\\/fr\\\/?s={search_term_string}\"},\"query-input\":{\"@type\":\"PropertyValueSpecification\",\"valueRequired\":true,\"valueName\":\"search_term_string\"}}],\"inLanguage\":\"fr-FR\"},{\"@type\":\"Person\",\"@id\":\"https:\\\/\\\/schabziger.ch\\\/fr\\\/#\\\/schema\\\/person\\\/2f4b3214ec36e0284d37cb7e090ac686\",\"name\":\"streuplan\",\"image\":{\"@type\":\"ImageObject\",\"inLanguage\":\"fr-FR\",\"@id\":\"https:\\\/\\\/secure.gravatar.com\\\/avatar\\\/c555ed4de7ca38b86317fa30767279502f2444f3e7ad26c4000395a5f008e51d?s=96&d=mm&r=g\",\"url\":\"https:\\\/\\\/secure.gravatar.com\\\/avatar\\\/c555ed4de7ca38b86317fa30767279502f2444f3e7ad26c4000395a5f008e51d?s=96&d=mm&r=g\",\"contentUrl\":\"https:\\\/\\\/secure.gravatar.com\\\/avatar\\\/c555ed4de7ca38b86317fa30767279502f2444f3e7ad26c4000395a5f008e51d?s=96&d=mm&r=g\",\"caption\":\"streuplan\"},\"sameAs\":[\"http:\\\/\\\/schabziger.ch\"],\"url\":\"https:\\\/\\\/schabziger.ch\\\/fr\\\/author\\\/streuplan\\\/\"}]}<\/script>\n<!-- \/ Yoast SEO plugin. -->","yoast_head_json":{"title":"Nous nous engageons aussi pour la protection du climat!\ufffc - Schabziger","description":"Depuis l'attribution de l'organisation de la plus grande f\u00eate sportive et populaire de Suisse le jour de la Saint-Fridolin de cette ann\u00e9e, les travaux de pr\u00e9paration battent leur plein.","robots":{"index":"index","follow":"follow","max-snippet":"max-snippet:-1","max-image-preview":"max-image-preview:large","max-video-preview":"max-video-preview:-1"},"canonical":"https:\/\/schabziger.ch\/fr\/nous-nous-engageons-aussi-pour-la-protection-du-climat\/","og_locale":"fr_FR","og_type":"article","og_title":"Nous nous engageons aussi pour la protection du climat!\ufffc - Schabziger","og_description":"Depuis l'attribution de l'organisation de la plus grande f\u00eate sportive et populaire de Suisse le jour de la Saint-Fridolin de cette ann\u00e9e, les travaux de pr\u00e9paration battent leur plein.","og_url":"https:\/\/schabziger.ch\/fr\/nous-nous-engageons-aussi-pour-la-protection-du-climat\/","og_site_name":"Schabziger","article_published_time":"2016-10-07T13:20:00+00:00","article_modified_time":"2023-03-21T12:50:26+00:00","og_image":[{"width":800,"height":533,"url":"https:\/\/schabziger.ch\/wp-content\/uploads\/2022\/05\/fairrec-800x533-1.jpeg","type":"image\/jpeg"}],"author":"streuplan","twitter_card":"summary_large_image","twitter_misc":{"\u00c9crit par":"streuplan"},"schema":{"@context":"https:\/\/schema.org","@graph":[{"@type":"Article","@id":"https:\/\/schabziger.ch\/fr\/nous-nous-engageons-aussi-pour-la-protection-du-climat\/#article","isPartOf":{"@id":"https:\/\/schabziger.ch\/fr\/nous-nous-engageons-aussi-pour-la-protection-du-climat\/"},"author":{"name":"streuplan","@id":"https:\/\/schabziger.ch\/fr\/#\/schema\/person\/2f4b3214ec36e0284d37cb7e090ac686"},"headline":"Nous nous engageons aussi pour la protection du climat!\ufffc","datePublished":"2016-10-07T13:20:00+00:00","dateModified":"2023-03-21T12:50:26+00:00","mainEntityOfPage":{"@id":"https:\/\/schabziger.ch\/fr\/nous-nous-engageons-aussi-pour-la-protection-du-climat\/"},"wordCount":83,"commentCount":0,"image":{"@id":"https:\/\/schabziger.ch\/fr\/nous-nous-engageons-aussi-pour-la-protection-du-climat\/#primaryimage"},"thumbnailUrl":"https:\/\/schabziger.ch\/wp-content\/uploads\/2022\/05\/fairrec-800x533-1.jpeg","articleSection":["Non classifi\u00e9(e)"],"inLanguage":"fr-FR","potentialAction":[{"@type":"CommentAction","name":"Comment","target":["https:\/\/schabziger.ch\/fr\/nous-nous-engageons-aussi-pour-la-protection-du-climat\/#respond"]}]},{"@type":"WebPage","@id":"https:\/\/schabziger.ch\/fr\/nous-nous-engageons-aussi-pour-la-protection-du-climat\/","url":"https:\/\/schabziger.ch\/fr\/nous-nous-engageons-aussi-pour-la-protection-du-climat\/","name":"Nous nous engageons aussi pour la protection du climat!\ufffc - Schabziger","isPartOf":{"@id":"https:\/\/schabziger.ch\/fr\/#website"},"primaryImageOfPage":{"@id":"https:\/\/schabziger.ch\/fr\/nous-nous-engageons-aussi-pour-la-protection-du-climat\/#primaryimage"},"image":{"@id":"https:\/\/schabziger.ch\/fr\/nous-nous-engageons-aussi-pour-la-protection-du-climat\/#primaryimage"},"thumbnailUrl":"https:\/\/schabziger.ch\/wp-content\/uploads\/2022\/05\/fairrec-800x533-1.jpeg","datePublished":"2016-10-07T13:20:00+00:00","dateModified":"2023-03-21T12:50:26+00:00","author":{"@id":"https:\/\/schabziger.ch\/fr\/#\/schema\/person\/2f4b3214ec36e0284d37cb7e090ac686"},"description":"Depuis l'attribution de l'organisation de la plus grande f\u00eate sportive et populaire de Suisse le jour de la Saint-Fridolin de cette ann\u00e9e, les travaux de pr\u00e9paration battent leur plein.","breadcrumb":{"@id":"https:\/\/schabziger.ch\/fr\/nous-nous-engageons-aussi-pour-la-protection-du-climat\/#breadcrumb"},"inLanguage":"fr-FR","potentialAction":[{"@type":"ReadAction","target":["https:\/\/schabziger.ch\/fr\/nous-nous-engageons-aussi-pour-la-protection-du-climat\/"]}]},{"@type":"ImageObject","inLanguage":"fr-FR","@id":"https:\/\/schabziger.ch\/fr\/nous-nous-engageons-aussi-pour-la-protection-du-climat\/#primaryimage","url":"https:\/\/schabziger.ch\/wp-content\/uploads\/2022\/05\/fairrec-800x533-1.jpeg","contentUrl":"https:\/\/schabziger.ch\/wp-content\/uploads\/2022\/05\/fairrec-800x533-1.jpeg","width":800,"height":533},{"@type":"BreadcrumbList","@id":"https:\/\/schabziger.ch\/fr\/nous-nous-engageons-aussi-pour-la-protection-du-climat\/#breadcrumb","itemListElement":[{"@type":"ListItem","position":1,"name":"Startseite","item":"https:\/\/schabziger.ch\/fr\/"},{"@type":"ListItem","position":2,"name":"Nous nous engageons aussi pour la protection du climat!\ufffc"}]},{"@type":"WebSite","@id":"https:\/\/schabziger.ch\/fr\/#website","url":"https:\/\/schabziger.ch\/fr\/","name":"Schabziger","description":"Uurw\u00fcrzig guet","potentialAction":[{"@type":"SearchAction","target":{"@type":"EntryPoint","urlTemplate":"https:\/\/schabziger.ch\/fr\/?s={search_term_string}"},"query-input":{"@type":"PropertyValueSpecification","valueRequired":true,"valueName":"search_term_string"}}],"inLanguage":"fr-FR"},{"@type":"Person","@id":"https:\/\/schabziger.ch\/fr\/#\/schema\/person\/2f4b3214ec36e0284d37cb7e090ac686","name":"streuplan","image":{"@type":"ImageObject","inLanguage":"fr-FR","@id":"https:\/\/secure.gravatar.com\/avatar\/c555ed4de7ca38b86317fa30767279502f2444f3e7ad26c4000395a5f008e51d?s=96&d=mm&r=g","url":"https:\/\/secure.gravatar.com\/avatar\/c555ed4de7ca38b86317fa30767279502f2444f3e7ad26c4000395a5f008e51d?s=96&d=mm&r=g","contentUrl":"https:\/\/secure.gravatar.com\/avatar\/c555ed4de7ca38b86317fa30767279502f2444f3e7ad26c4000395a5f008e51d?s=96&d=mm&r=g","caption":"streuplan"},"sameAs":["http:\/\/schabziger.ch"],"url":"https:\/\/schabziger.ch\/fr\/author\/streuplan\/"}]}},"_links":{"self":[{"href":"https:\/\/schabziger.ch\/fr\/wp-json\/wp\/v2\/posts\/1410","targetHints":{"allow":["GET"]}}],"collection":[{"href":"https:\/\/schabziger.ch\/fr\/wp-json\/wp\/v2\/posts"}],"about":[{"href":"https:\/\/schabziger.ch\/fr\/wp-json\/wp\/v2\/types\/post"}],"author":[{"embeddable":true,"href":"https:\/\/schabziger.ch\/fr\/wp-json\/wp\/v2\/users\/1"}],"replies":[{"embeddable":true,"href":"https:\/\/schabziger.ch\/fr\/wp-json\/wp\/v2\/comments?post=1410"}],"version-history":[{"count":2,"href":"https:\/\/schabziger.ch\/fr\/wp-json\/wp\/v2\/posts\/1410\/revisions"}],"predecessor-version":[{"id":1970,"href":"https:\/\/schabziger.ch\/fr\/wp-json\/wp\/v2\/posts\/1410\/revisions\/1970"}],"wp:featuredmedia":[{"embeddable":true,"href":"https:\/\/schabziger.ch\/fr\/wp-json\/wp\/v2\/media\/1300"}],"wp:attachment":[{"href":"https:\/\/schabziger.ch\/fr\/wp-json\/wp\/v2\/media?parent=1410"}],"wp:term":[{"taxonomy":"category","embeddable":true,"href":"https:\/\/schabziger.ch\/fr\/wp-json\/wp\/v2\/categories?post=1410"},{"taxonomy":"post_tag","embeddable":true,"href":"https:\/\/schabziger.ch\/fr\/wp-json\/wp\/v2\/tags?post=1410"}],"curies":[{"name":"wp","href":"https:\/\/api.w.org\/{rel}","templated":true}]}}