{"id":1404,"date":"2020-09-17T09:20:00","date_gmt":"2020-09-17T07:20:00","guid":{"rendered":"https:\/\/geska.brandneu.ch\/la-societe-geska-ag-passe-en-de-nouvelles-mains\/"},"modified":"2023-03-21T13:49:45","modified_gmt":"2023-03-21T12:49:45","slug":"la-societe-geska-ag-passe-en-de-nouvelles-mains","status":"publish","type":"post","link":"https:\/\/schabziger.ch\/fr\/la-societe-geska-ag-passe-en-de-nouvelles-mains\/","title":{"rendered":"La soci\u00e9t\u00e9 GESKA AG passe en de nouvelles mains"},"content":{"rendered":"\n<h1 class=\"wp-block-heading\">La soci\u00e9t\u00e9 GESKA AG passe en de nouvelles mains et se dote d&rsquo;un nouveau directeur.<\/h1>\n\n<h3 class=\"wp-block-heading\">L&rsquo;avenir du schabziger glaronnais est toujours assur\u00e9.<\/h3>\n\n<figure class=\"wp-block-image size-full\"><img loading=\"lazy\" decoding=\"async\" width=\"800\" height=\"400\" src=\"https:\/\/schabziger.ch\/wp-content\/uploads\/2022\/05\/blog_geska-geht-in-neue-haende.jpg\" alt=\"\" class=\"wp-image-459\" srcset=\"https:\/\/schabziger.ch\/wp-content\/uploads\/2022\/05\/blog_geska-geht-in-neue-haende.jpg 800w, https:\/\/schabziger.ch\/wp-content\/uploads\/2022\/05\/blog_geska-geht-in-neue-haende-300x150.jpg 300w, https:\/\/schabziger.ch\/wp-content\/uploads\/2022\/05\/blog_geska-geht-in-neue-haende-768x384.jpg 768w\" sizes=\"auto, (max-width: 800px) 100vw, 800px\" \/><\/figure>\n\n<blockquote class=\"wp-block-quote is-layout-flow wp-block-quote-is-layout-flow\"><p>Reto Hiestand de Reichenburg<\/p><\/blockquote>\n\n<p><strong>Il est tr\u00e8s important pour une entreprise de pouvoir r\u00e9gler sa succession suffisamment t\u00f4t. C&rsquo;\u00e9tait une pr\u00e9occupation tr\u00e8s importante pour le propri\u00e9taire et directeur de Geska AG, Hermann Luchsinger, qui atteindra l&rsquo;\u00e2ge de la retraite l&rsquo;ann\u00e9e prochaine.<\/strong><\/p>\n\n<p>Comme Geska AG, avec le Garner Schabziger, est une PME qui fabrique l&rsquo;un des produits les plus traditionnels de Suisse, mais qui est aussi synonyme du canton de Glaris, Luchsinger a cherch\u00e9 et trouv\u00e9 une bonne solution de succession avec soin et circonspection. Reto Hiestand de Reichenburg reprendra la direction de Geska AG \u00e0 partir du 1er octobre 2020 et continuera \u00e0 diriger cette entreprise florissante. La base financi\u00e8re a \u00e9t\u00e9 assur\u00e9e par l&rsquo;investisseur Rupaal Finanzholding AG, une entreprise familiale qui investit \u00e0 long terme dans des entreprises passionnantes.<\/p>\n\n<p>Geska AG a \u00e9t\u00e9 reprise par Luchsinger en 2016 et a pu se d\u00e9velopper de mani\u00e8re tr\u00e8s positive ces derni\u00e8res ann\u00e9es. L&rsquo;objectif \u00e9tait de pouvoir transformer le plus possible de lait glaronnais en produits de haute qualit\u00e9 \u00e0 Glaris, d&rsquo;offrir un emploi s\u00fbr et passionnant aux quelque 17 collaborateurs et d&rsquo;\u00eatre un partenaire \u00e9quitable \u00e0 long terme pour les producteurs de lait. Les derniers chiffres montrent que Geska AG a pu continuer \u00e0 se d\u00e9velopper et \u00e0 s&rsquo;appuyer sur une base solide, m\u00eame au cours de cette ann\u00e9e particuli\u00e8re et exigeante.<\/p>\n\n<p>Prendre soin de ce qui existe d\u00e9j\u00e0, le d\u00e9velopper et l&rsquo;\u00e9tendre gr\u00e2ce \u00e0 de nouvelles innovations sur le site de Glaris, tel est \u00e9galement l&rsquo;objectif des nouveaux propri\u00e9taires \u00e0 l&rsquo;avenir. Luchsinger restera jusqu&rsquo;\u00e0 nouvel ordre au service de l&rsquo;entreprise et de Glarner Milch AG. Son r\u00e9seau, son expertise et sa capacit\u00e9 d&rsquo;innovation restent tr\u00e8s demand\u00e9s. Il tient beaucoup \u00e0 ce que l&rsquo;entreprise se poursuive selon ses id\u00e9es et sans interruption.<\/p>\n\n<p>Le schabziger glaronnais et de nombreux autres produits \u00e0 base de lait glaronnais devraient continuer \u00e0 \u00eatre pr\u00e9sents dans les rayons r\u00e9frig\u00e9r\u00e9s des grands distributeurs et des d\u00e9taillants dans toute la Suisse et \u00e0 l&rsquo;\u00e9tranger. Les produits tels que ceux fabriqu\u00e9s par Geska AG, qui se distinguent par leur suissitude, leur originalit\u00e9 et leur qualit\u00e9, sont plus demand\u00e9s que jamais. Les nouveaux responsables de Geska AG en sont \u00e9galement convaincus et envisagent un avenir prosp\u00e8re dans le pays de Glaris.<\/p>\n\n<p>Hermann Luchsinger remercie chaleureusement tous les clients et fournisseurs pour leur longue et bonne collaboration et souhaite que la confiance soit \u00e9galement accord\u00e9e \u00e0 la nouvelle direction pour les ann\u00e9es \u00e0 venir.<\/p>\n","protected":false},"excerpt":{"rendered":"<p>Il est tr\u00e8s important pour une entreprise de pouvoir r\u00e9gler sa succession suffisamment t\u00f4t.  <\/p>\n","protected":false},"author":1,"featured_media":1192,"comment_status":"open","ping_status":"open","sticky":false,"template":"","format":"standard","meta":{"_acf_changed":false,"inline_featured_image":false,"footnotes":""},"categories":[9],"tags":[],"class_list":["post-1404","post","type-post","status-publish","format-standard","has-post-thumbnail","hentry","category-non-classifiee"],"acf":[],"yoast_head":"<!-- This site is optimized with the Yoast SEO plugin v27.5 - https:\/\/yoast.com\/product\/yoast-seo-wordpress\/ -->\n<title>La soci\u00e9t\u00e9 GESKA AG passe en de nouvelles mains - Schabziger<\/title>\n<meta name=\"description\" content=\"Depuis l&#039;attribution de l&#039;organisation de la plus grande f\u00eate sportive et populaire de Suisse le jour de la Saint-Fridolin de cette ann\u00e9e, les travaux de pr\u00e9paration battent leur plein.\" \/>\n<meta name=\"robots\" content=\"index, follow, max-snippet:-1, max-image-preview:large, max-video-preview:-1\" \/>\n<link rel=\"canonical\" href=\"https:\/\/schabziger.ch\/fr\/la-societe-geska-ag-passe-en-de-nouvelles-mains\/\" \/>\n<meta property=\"og:locale\" content=\"fr_FR\" \/>\n<meta property=\"og:type\" content=\"article\" \/>\n<meta property=\"og:title\" content=\"La soci\u00e9t\u00e9 GESKA AG passe en de nouvelles mains - Schabziger\" \/>\n<meta property=\"og:description\" content=\"Depuis l&#039;attribution de l&#039;organisation de la plus grande f\u00eate sportive et populaire de Suisse le jour de la Saint-Fridolin de cette ann\u00e9e, les travaux de pr\u00e9paration battent leur plein.\" \/>\n<meta property=\"og:url\" content=\"https:\/\/schabziger.ch\/fr\/la-societe-geska-ag-passe-en-de-nouvelles-mains\/\" \/>\n<meta property=\"og:site_name\" content=\"Schabziger\" \/>\n<meta property=\"article:published_time\" content=\"2020-09-17T07:20:00+00:00\" \/>\n<meta property=\"article:modified_time\" content=\"2023-03-21T12:49:45+00:00\" \/>\n<meta property=\"og:image\" content=\"https:\/\/schabziger.ch\/wp-content\/uploads\/2022\/05\/blog_geska-geht-in-neue-haende.jpg\" \/>\n\t<meta property=\"og:image:width\" content=\"800\" \/>\n\t<meta property=\"og:image:height\" content=\"400\" \/>\n\t<meta property=\"og:image:type\" content=\"image\/jpeg\" \/>\n<meta name=\"author\" content=\"streuplan\" \/>\n<meta name=\"twitter:card\" content=\"summary_large_image\" \/>\n<meta name=\"twitter:label1\" content=\"\u00c9crit par\" \/>\n\t<meta name=\"twitter:data1\" content=\"streuplan\" \/>\n\t<meta name=\"twitter:label2\" content=\"Dur\u00e9e de lecture estim\u00e9e\" \/>\n\t<meta name=\"twitter:data2\" content=\"2 minutes\" \/>\n<script type=\"application\/ld+json\" class=\"yoast-schema-graph\">{\"@context\":\"https:\\\/\\\/schema.org\",\"@graph\":[{\"@type\":\"Article\",\"@id\":\"https:\\\/\\\/schabziger.ch\\\/fr\\\/la-societe-geska-ag-passe-en-de-nouvelles-mains\\\/#article\",\"isPartOf\":{\"@id\":\"https:\\\/\\\/schabziger.ch\\\/fr\\\/la-societe-geska-ag-passe-en-de-nouvelles-mains\\\/\"},\"author\":{\"name\":\"streuplan\",\"@id\":\"https:\\\/\\\/schabziger.ch\\\/fr\\\/#\\\/schema\\\/person\\\/2f4b3214ec36e0284d37cb7e090ac686\"},\"headline\":\"La soci\u00e9t\u00e9 GESKA AG passe en de nouvelles mains\",\"datePublished\":\"2020-09-17T07:20:00+00:00\",\"dateModified\":\"2023-03-21T12:49:45+00:00\",\"mainEntityOfPage\":{\"@id\":\"https:\\\/\\\/schabziger.ch\\\/fr\\\/la-societe-geska-ag-passe-en-de-nouvelles-mains\\\/\"},\"wordCount\":473,\"commentCount\":0,\"image\":{\"@id\":\"https:\\\/\\\/schabziger.ch\\\/fr\\\/la-societe-geska-ag-passe-en-de-nouvelles-mains\\\/#primaryimage\"},\"thumbnailUrl\":\"https:\\\/\\\/schabziger.ch\\\/wp-content\\\/uploads\\\/2022\\\/05\\\/blog_geska-geht-in-neue-haende.jpg\",\"articleSection\":[\"Non classifi\u00e9(e)\"],\"inLanguage\":\"fr-FR\",\"potentialAction\":[{\"@type\":\"CommentAction\",\"name\":\"Comment\",\"target\":[\"https:\\\/\\\/schabziger.ch\\\/fr\\\/la-societe-geska-ag-passe-en-de-nouvelles-mains\\\/#respond\"]}]},{\"@type\":\"WebPage\",\"@id\":\"https:\\\/\\\/schabziger.ch\\\/fr\\\/la-societe-geska-ag-passe-en-de-nouvelles-mains\\\/\",\"url\":\"https:\\\/\\\/schabziger.ch\\\/fr\\\/la-societe-geska-ag-passe-en-de-nouvelles-mains\\\/\",\"name\":\"La soci\u00e9t\u00e9 GESKA AG passe en de nouvelles mains - Schabziger\",\"isPartOf\":{\"@id\":\"https:\\\/\\\/schabziger.ch\\\/fr\\\/#website\"},\"primaryImageOfPage\":{\"@id\":\"https:\\\/\\\/schabziger.ch\\\/fr\\\/la-societe-geska-ag-passe-en-de-nouvelles-mains\\\/#primaryimage\"},\"image\":{\"@id\":\"https:\\\/\\\/schabziger.ch\\\/fr\\\/la-societe-geska-ag-passe-en-de-nouvelles-mains\\\/#primaryimage\"},\"thumbnailUrl\":\"https:\\\/\\\/schabziger.ch\\\/wp-content\\\/uploads\\\/2022\\\/05\\\/blog_geska-geht-in-neue-haende.jpg\",\"datePublished\":\"2020-09-17T07:20:00+00:00\",\"dateModified\":\"2023-03-21T12:49:45+00:00\",\"author\":{\"@id\":\"https:\\\/\\\/schabziger.ch\\\/fr\\\/#\\\/schema\\\/person\\\/2f4b3214ec36e0284d37cb7e090ac686\"},\"description\":\"Depuis l'attribution de l'organisation de la plus grande f\u00eate sportive et populaire de Suisse le jour de la Saint-Fridolin de cette ann\u00e9e, les travaux de pr\u00e9paration battent leur plein.\",\"breadcrumb\":{\"@id\":\"https:\\\/\\\/schabziger.ch\\\/fr\\\/la-societe-geska-ag-passe-en-de-nouvelles-mains\\\/#breadcrumb\"},\"inLanguage\":\"fr-FR\",\"potentialAction\":[{\"@type\":\"ReadAction\",\"target\":[\"https:\\\/\\\/schabziger.ch\\\/fr\\\/la-societe-geska-ag-passe-en-de-nouvelles-mains\\\/\"]}]},{\"@type\":\"ImageObject\",\"inLanguage\":\"fr-FR\",\"@id\":\"https:\\\/\\\/schabziger.ch\\\/fr\\\/la-societe-geska-ag-passe-en-de-nouvelles-mains\\\/#primaryimage\",\"url\":\"https:\\\/\\\/schabziger.ch\\\/wp-content\\\/uploads\\\/2022\\\/05\\\/blog_geska-geht-in-neue-haende.jpg\",\"contentUrl\":\"https:\\\/\\\/schabziger.ch\\\/wp-content\\\/uploads\\\/2022\\\/05\\\/blog_geska-geht-in-neue-haende.jpg\",\"width\":800,\"height\":400},{\"@type\":\"BreadcrumbList\",\"@id\":\"https:\\\/\\\/schabziger.ch\\\/fr\\\/la-societe-geska-ag-passe-en-de-nouvelles-mains\\\/#breadcrumb\",\"itemListElement\":[{\"@type\":\"ListItem\",\"position\":1,\"name\":\"Startseite\",\"item\":\"https:\\\/\\\/schabziger.ch\\\/fr\\\/\"},{\"@type\":\"ListItem\",\"position\":2,\"name\":\"La soci\u00e9t\u00e9 GESKA AG passe en de nouvelles mains\"}]},{\"@type\":\"WebSite\",\"@id\":\"https:\\\/\\\/schabziger.ch\\\/fr\\\/#website\",\"url\":\"https:\\\/\\\/schabziger.ch\\\/fr\\\/\",\"name\":\"Schabziger\",\"description\":\"Uurw\u00fcrzig guet\",\"potentialAction\":[{\"@type\":\"SearchAction\",\"target\":{\"@type\":\"EntryPoint\",\"urlTemplate\":\"https:\\\/\\\/schabziger.ch\\\/fr\\\/?s={search_term_string}\"},\"query-input\":{\"@type\":\"PropertyValueSpecification\",\"valueRequired\":true,\"valueName\":\"search_term_string\"}}],\"inLanguage\":\"fr-FR\"},{\"@type\":\"Person\",\"@id\":\"https:\\\/\\\/schabziger.ch\\\/fr\\\/#\\\/schema\\\/person\\\/2f4b3214ec36e0284d37cb7e090ac686\",\"name\":\"streuplan\",\"image\":{\"@type\":\"ImageObject\",\"inLanguage\":\"fr-FR\",\"@id\":\"https:\\\/\\\/secure.gravatar.com\\\/avatar\\\/c555ed4de7ca38b86317fa30767279502f2444f3e7ad26c4000395a5f008e51d?s=96&d=mm&r=g\",\"url\":\"https:\\\/\\\/secure.gravatar.com\\\/avatar\\\/c555ed4de7ca38b86317fa30767279502f2444f3e7ad26c4000395a5f008e51d?s=96&d=mm&r=g\",\"contentUrl\":\"https:\\\/\\\/secure.gravatar.com\\\/avatar\\\/c555ed4de7ca38b86317fa30767279502f2444f3e7ad26c4000395a5f008e51d?s=96&d=mm&r=g\",\"caption\":\"streuplan\"},\"sameAs\":[\"http:\\\/\\\/schabziger.ch\"],\"url\":\"https:\\\/\\\/schabziger.ch\\\/fr\\\/author\\\/streuplan\\\/\"}]}<\/script>\n<!-- \/ Yoast SEO plugin. -->","yoast_head_json":{"title":"La soci\u00e9t\u00e9 GESKA AG passe en de nouvelles mains - Schabziger","description":"Depuis l'attribution de l'organisation de la plus grande f\u00eate sportive et populaire de Suisse le jour de la Saint-Fridolin de cette ann\u00e9e, les travaux de pr\u00e9paration battent leur plein.","robots":{"index":"index","follow":"follow","max-snippet":"max-snippet:-1","max-image-preview":"max-image-preview:large","max-video-preview":"max-video-preview:-1"},"canonical":"https:\/\/schabziger.ch\/fr\/la-societe-geska-ag-passe-en-de-nouvelles-mains\/","og_locale":"fr_FR","og_type":"article","og_title":"La soci\u00e9t\u00e9 GESKA AG passe en de nouvelles mains - Schabziger","og_description":"Depuis l'attribution de l'organisation de la plus grande f\u00eate sportive et populaire de Suisse le jour de la Saint-Fridolin de cette ann\u00e9e, les travaux de pr\u00e9paration battent leur plein.","og_url":"https:\/\/schabziger.ch\/fr\/la-societe-geska-ag-passe-en-de-nouvelles-mains\/","og_site_name":"Schabziger","article_published_time":"2020-09-17T07:20:00+00:00","article_modified_time":"2023-03-21T12:49:45+00:00","og_image":[{"width":800,"height":400,"url":"https:\/\/schabziger.ch\/wp-content\/uploads\/2022\/05\/blog_geska-geht-in-neue-haende.jpg","type":"image\/jpeg"}],"author":"streuplan","twitter_card":"summary_large_image","twitter_misc":{"\u00c9crit par":"streuplan","Dur\u00e9e de lecture estim\u00e9e":"2 minutes"},"schema":{"@context":"https:\/\/schema.org","@graph":[{"@type":"Article","@id":"https:\/\/schabziger.ch\/fr\/la-societe-geska-ag-passe-en-de-nouvelles-mains\/#article","isPartOf":{"@id":"https:\/\/schabziger.ch\/fr\/la-societe-geska-ag-passe-en-de-nouvelles-mains\/"},"author":{"name":"streuplan","@id":"https:\/\/schabziger.ch\/fr\/#\/schema\/person\/2f4b3214ec36e0284d37cb7e090ac686"},"headline":"La soci\u00e9t\u00e9 GESKA AG passe en de nouvelles mains","datePublished":"2020-09-17T07:20:00+00:00","dateModified":"2023-03-21T12:49:45+00:00","mainEntityOfPage":{"@id":"https:\/\/schabziger.ch\/fr\/la-societe-geska-ag-passe-en-de-nouvelles-mains\/"},"wordCount":473,"commentCount":0,"image":{"@id":"https:\/\/schabziger.ch\/fr\/la-societe-geska-ag-passe-en-de-nouvelles-mains\/#primaryimage"},"thumbnailUrl":"https:\/\/schabziger.ch\/wp-content\/uploads\/2022\/05\/blog_geska-geht-in-neue-haende.jpg","articleSection":["Non classifi\u00e9(e)"],"inLanguage":"fr-FR","potentialAction":[{"@type":"CommentAction","name":"Comment","target":["https:\/\/schabziger.ch\/fr\/la-societe-geska-ag-passe-en-de-nouvelles-mains\/#respond"]}]},{"@type":"WebPage","@id":"https:\/\/schabziger.ch\/fr\/la-societe-geska-ag-passe-en-de-nouvelles-mains\/","url":"https:\/\/schabziger.ch\/fr\/la-societe-geska-ag-passe-en-de-nouvelles-mains\/","name":"La soci\u00e9t\u00e9 GESKA AG passe en de nouvelles mains - Schabziger","isPartOf":{"@id":"https:\/\/schabziger.ch\/fr\/#website"},"primaryImageOfPage":{"@id":"https:\/\/schabziger.ch\/fr\/la-societe-geska-ag-passe-en-de-nouvelles-mains\/#primaryimage"},"image":{"@id":"https:\/\/schabziger.ch\/fr\/la-societe-geska-ag-passe-en-de-nouvelles-mains\/#primaryimage"},"thumbnailUrl":"https:\/\/schabziger.ch\/wp-content\/uploads\/2022\/05\/blog_geska-geht-in-neue-haende.jpg","datePublished":"2020-09-17T07:20:00+00:00","dateModified":"2023-03-21T12:49:45+00:00","author":{"@id":"https:\/\/schabziger.ch\/fr\/#\/schema\/person\/2f4b3214ec36e0284d37cb7e090ac686"},"description":"Depuis l'attribution de l'organisation de la plus grande f\u00eate sportive et populaire de Suisse le jour de la Saint-Fridolin de cette ann\u00e9e, les travaux de pr\u00e9paration battent leur plein.","breadcrumb":{"@id":"https:\/\/schabziger.ch\/fr\/la-societe-geska-ag-passe-en-de-nouvelles-mains\/#breadcrumb"},"inLanguage":"fr-FR","potentialAction":[{"@type":"ReadAction","target":["https:\/\/schabziger.ch\/fr\/la-societe-geska-ag-passe-en-de-nouvelles-mains\/"]}]},{"@type":"ImageObject","inLanguage":"fr-FR","@id":"https:\/\/schabziger.ch\/fr\/la-societe-geska-ag-passe-en-de-nouvelles-mains\/#primaryimage","url":"https:\/\/schabziger.ch\/wp-content\/uploads\/2022\/05\/blog_geska-geht-in-neue-haende.jpg","contentUrl":"https:\/\/schabziger.ch\/wp-content\/uploads\/2022\/05\/blog_geska-geht-in-neue-haende.jpg","width":800,"height":400},{"@type":"BreadcrumbList","@id":"https:\/\/schabziger.ch\/fr\/la-societe-geska-ag-passe-en-de-nouvelles-mains\/#breadcrumb","itemListElement":[{"@type":"ListItem","position":1,"name":"Startseite","item":"https:\/\/schabziger.ch\/fr\/"},{"@type":"ListItem","position":2,"name":"La soci\u00e9t\u00e9 GESKA AG passe en de nouvelles mains"}]},{"@type":"WebSite","@id":"https:\/\/schabziger.ch\/fr\/#website","url":"https:\/\/schabziger.ch\/fr\/","name":"Schabziger","description":"Uurw\u00fcrzig guet","potentialAction":[{"@type":"SearchAction","target":{"@type":"EntryPoint","urlTemplate":"https:\/\/schabziger.ch\/fr\/?s={search_term_string}"},"query-input":{"@type":"PropertyValueSpecification","valueRequired":true,"valueName":"search_term_string"}}],"inLanguage":"fr-FR"},{"@type":"Person","@id":"https:\/\/schabziger.ch\/fr\/#\/schema\/person\/2f4b3214ec36e0284d37cb7e090ac686","name":"streuplan","image":{"@type":"ImageObject","inLanguage":"fr-FR","@id":"https:\/\/secure.gravatar.com\/avatar\/c555ed4de7ca38b86317fa30767279502f2444f3e7ad26c4000395a5f008e51d?s=96&d=mm&r=g","url":"https:\/\/secure.gravatar.com\/avatar\/c555ed4de7ca38b86317fa30767279502f2444f3e7ad26c4000395a5f008e51d?s=96&d=mm&r=g","contentUrl":"https:\/\/secure.gravatar.com\/avatar\/c555ed4de7ca38b86317fa30767279502f2444f3e7ad26c4000395a5f008e51d?s=96&d=mm&r=g","caption":"streuplan"},"sameAs":["http:\/\/schabziger.ch"],"url":"https:\/\/schabziger.ch\/fr\/author\/streuplan\/"}]}},"_links":{"self":[{"href":"https:\/\/schabziger.ch\/fr\/wp-json\/wp\/v2\/posts\/1404","targetHints":{"allow":["GET"]}}],"collection":[{"href":"https:\/\/schabziger.ch\/fr\/wp-json\/wp\/v2\/posts"}],"about":[{"href":"https:\/\/schabziger.ch\/fr\/wp-json\/wp\/v2\/types\/post"}],"author":[{"embeddable":true,"href":"https:\/\/schabziger.ch\/fr\/wp-json\/wp\/v2\/users\/1"}],"replies":[{"embeddable":true,"href":"https:\/\/schabziger.ch\/fr\/wp-json\/wp\/v2\/comments?post=1404"}],"version-history":[{"count":2,"href":"https:\/\/schabziger.ch\/fr\/wp-json\/wp\/v2\/posts\/1404\/revisions"}],"predecessor-version":[{"id":1940,"href":"https:\/\/schabziger.ch\/fr\/wp-json\/wp\/v2\/posts\/1404\/revisions\/1940"}],"wp:featuredmedia":[{"embeddable":true,"href":"https:\/\/schabziger.ch\/fr\/wp-json\/wp\/v2\/media\/1192"}],"wp:attachment":[{"href":"https:\/\/schabziger.ch\/fr\/wp-json\/wp\/v2\/media?parent=1404"}],"wp:term":[{"taxonomy":"category","embeddable":true,"href":"https:\/\/schabziger.ch\/fr\/wp-json\/wp\/v2\/categories?post=1404"},{"taxonomy":"post_tag","embeddable":true,"href":"https:\/\/schabziger.ch\/fr\/wp-json\/wp\/v2\/tags?post=1404"}],"curies":[{"name":"wp","href":"https:\/\/api.w.org\/{rel}","templated":true}]}}