{"id":1402,"date":"2018-10-01T11:44:00","date_gmt":"2018-10-01T09:44:00","guid":{"rendered":"https:\/\/geska.brandneu.ch\/aide-suisse-aux-montagnards-le-film\/"},"modified":"2023-03-21T13:49:58","modified_gmt":"2023-03-21T12:49:58","slug":"aide-suisse-aux-montagnards-le-film","status":"publish","type":"post","link":"https:\/\/schabziger.ch\/fr\/aide-suisse-aux-montagnards-le-film\/","title":{"rendered":"Aide Suisse aux Montagnards &#8211; Le film"},"content":{"rendered":"\n<figure class=\"wp-block-image size-large\"><img loading=\"lazy\" decoding=\"async\" width=\"1024\" height=\"493\" src=\"https:\/\/schabziger.ch\/wp-content\/uploads\/2022\/05\/film-schweizer-berghilfe-1024x493.jpeg\" alt=\"\" class=\"wp-image-529\" srcset=\"https:\/\/schabziger.ch\/wp-content\/uploads\/2022\/05\/film-schweizer-berghilfe-1024x493.jpeg 1024w, https:\/\/schabziger.ch\/wp-content\/uploads\/2022\/05\/film-schweizer-berghilfe-300x144.jpeg 300w, https:\/\/schabziger.ch\/wp-content\/uploads\/2022\/05\/film-schweizer-berghilfe-768x370.jpeg 768w, https:\/\/schabziger.ch\/wp-content\/uploads\/2022\/05\/film-schweizer-berghilfe.jpeg 1273w\" sizes=\"auto, (max-width: 1024px) 100vw, 1024px\" \/><\/figure>\n\n<h1 class=\"wp-block-heading\">Du tr\u00e8fle au Zigerst\u00f6ckli<\/h1>\n\n<p>Le Zigerst\u00f6ckli n&rsquo;est pas seulement le plus ancien produit de marque de Suisse, il a donn\u00e9 son surnom \u00e0 tout le pays glaronnais. Pour que le Zigerst\u00f6ckli puisse continuer \u00e0 \u00eatre export\u00e9 dans le monde entier depuis la \u00ab\u00a0Zigerschlitz\u00a0\u00bb, des investissements ont \u00e9t\u00e9 n\u00e9cessaires dans la seule fabrique de s\u00e9rac restante.<\/p>\n\n<figure class=\"wp-block-embed is-type-video is-provider-youtube wp-block-embed-youtube wp-embed-aspect-16-9 wp-has-aspect-ratio\"><div class=\"wp-block-embed__wrapper\">\n<iframe loading=\"lazy\" title=\"Vom Klee zum Zigerst\u00f6ckli\" width=\"500\" height=\"281\" src=\"https:\/\/www.youtube.com\/embed\/D-t9HIcERBY?feature=oembed\" frameborder=\"0\" allow=\"accelerometer; autoplay; clipboard-write; encrypted-media; gyroscope; picture-in-picture; web-share\" referrerpolicy=\"strict-origin-when-cross-origin\" allowfullscreen><\/iframe>\n<\/div><\/figure>\n","protected":false},"excerpt":{"rendered":"<p>Le Zigerst\u00f6ckli n&rsquo;est pas seulement le plus ancien produit de marque de Suisse, il a donn\u00e9 son surnom \u00e0 tout le pays glaronnais.  <\/p>\n","protected":false},"author":1,"featured_media":1228,"comment_status":"open","ping_status":"open","sticky":false,"template":"","format":"standard","meta":{"_acf_changed":false,"inline_featured_image":false,"footnotes":""},"categories":[9],"tags":[],"class_list":["post-1402","post","type-post","status-publish","format-standard","has-post-thumbnail","hentry","category-non-classifiee"],"acf":[],"yoast_head":"<!-- This site is optimized with the Yoast SEO plugin v27.5 - https:\/\/yoast.com\/product\/yoast-seo-wordpress\/ -->\n<title>Aide Suisse aux Montagnards - Le film - Schabziger<\/title>\n<meta name=\"description\" content=\"Depuis l&#039;attribution de l&#039;organisation de la plus grande f\u00eate sportive et populaire de Suisse le jour de la Saint-Fridolin de cette ann\u00e9e, les travaux de pr\u00e9paration battent leur plein.\" \/>\n<meta name=\"robots\" content=\"index, follow, max-snippet:-1, max-image-preview:large, max-video-preview:-1\" \/>\n<link rel=\"canonical\" href=\"https:\/\/schabziger.ch\/fr\/aide-suisse-aux-montagnards-le-film\/\" \/>\n<meta property=\"og:locale\" content=\"fr_FR\" \/>\n<meta property=\"og:type\" content=\"article\" \/>\n<meta property=\"og:title\" content=\"Aide Suisse aux Montagnards - Le film - Schabziger\" \/>\n<meta property=\"og:description\" content=\"Depuis l&#039;attribution de l&#039;organisation de la plus grande f\u00eate sportive et populaire de Suisse le jour de la Saint-Fridolin de cette ann\u00e9e, les travaux de pr\u00e9paration battent leur plein.\" \/>\n<meta property=\"og:url\" content=\"https:\/\/schabziger.ch\/fr\/aide-suisse-aux-montagnards-le-film\/\" \/>\n<meta property=\"og:site_name\" content=\"Schabziger\" \/>\n<meta property=\"article:published_time\" content=\"2018-10-01T09:44:00+00:00\" \/>\n<meta property=\"article:modified_time\" content=\"2023-03-21T12:49:58+00:00\" \/>\n<meta property=\"og:image\" content=\"https:\/\/schabziger.ch\/wp-content\/uploads\/2022\/05\/film-schweizer-berghilfe.jpeg\" \/>\n\t<meta property=\"og:image:width\" content=\"1273\" \/>\n\t<meta property=\"og:image:height\" content=\"613\" \/>\n\t<meta property=\"og:image:type\" content=\"image\/jpeg\" \/>\n<meta name=\"author\" content=\"streuplan\" \/>\n<meta name=\"twitter:card\" content=\"summary_large_image\" \/>\n<meta name=\"twitter:label1\" content=\"\u00c9crit par\" \/>\n\t<meta name=\"twitter:data1\" content=\"streuplan\" \/>\n<script type=\"application\/ld+json\" class=\"yoast-schema-graph\">{\"@context\":\"https:\\\/\\\/schema.org\",\"@graph\":[{\"@type\":\"Article\",\"@id\":\"https:\\\/\\\/schabziger.ch\\\/fr\\\/aide-suisse-aux-montagnards-le-film\\\/#article\",\"isPartOf\":{\"@id\":\"https:\\\/\\\/schabziger.ch\\\/fr\\\/aide-suisse-aux-montagnards-le-film\\\/\"},\"author\":{\"name\":\"streuplan\",\"@id\":\"https:\\\/\\\/schabziger.ch\\\/fr\\\/#\\\/schema\\\/person\\\/2f4b3214ec36e0284d37cb7e090ac686\"},\"headline\":\"Aide Suisse aux Montagnards &#8211; Le film\",\"datePublished\":\"2018-10-01T09:44:00+00:00\",\"dateModified\":\"2023-03-21T12:49:58+00:00\",\"mainEntityOfPage\":{\"@id\":\"https:\\\/\\\/schabziger.ch\\\/fr\\\/aide-suisse-aux-montagnards-le-film\\\/\"},\"wordCount\":72,\"commentCount\":0,\"image\":{\"@id\":\"https:\\\/\\\/schabziger.ch\\\/fr\\\/aide-suisse-aux-montagnards-le-film\\\/#primaryimage\"},\"thumbnailUrl\":\"https:\\\/\\\/schabziger.ch\\\/wp-content\\\/uploads\\\/2022\\\/05\\\/film-schweizer-berghilfe.jpeg\",\"articleSection\":[\"Non classifi\u00e9(e)\"],\"inLanguage\":\"fr-FR\",\"potentialAction\":[{\"@type\":\"CommentAction\",\"name\":\"Comment\",\"target\":[\"https:\\\/\\\/schabziger.ch\\\/fr\\\/aide-suisse-aux-montagnards-le-film\\\/#respond\"]}]},{\"@type\":\"WebPage\",\"@id\":\"https:\\\/\\\/schabziger.ch\\\/fr\\\/aide-suisse-aux-montagnards-le-film\\\/\",\"url\":\"https:\\\/\\\/schabziger.ch\\\/fr\\\/aide-suisse-aux-montagnards-le-film\\\/\",\"name\":\"Aide Suisse aux Montagnards - Le film - Schabziger\",\"isPartOf\":{\"@id\":\"https:\\\/\\\/schabziger.ch\\\/fr\\\/#website\"},\"primaryImageOfPage\":{\"@id\":\"https:\\\/\\\/schabziger.ch\\\/fr\\\/aide-suisse-aux-montagnards-le-film\\\/#primaryimage\"},\"image\":{\"@id\":\"https:\\\/\\\/schabziger.ch\\\/fr\\\/aide-suisse-aux-montagnards-le-film\\\/#primaryimage\"},\"thumbnailUrl\":\"https:\\\/\\\/schabziger.ch\\\/wp-content\\\/uploads\\\/2022\\\/05\\\/film-schweizer-berghilfe.jpeg\",\"datePublished\":\"2018-10-01T09:44:00+00:00\",\"dateModified\":\"2023-03-21T12:49:58+00:00\",\"author\":{\"@id\":\"https:\\\/\\\/schabziger.ch\\\/fr\\\/#\\\/schema\\\/person\\\/2f4b3214ec36e0284d37cb7e090ac686\"},\"description\":\"Depuis l'attribution de l'organisation de la plus grande f\u00eate sportive et populaire de Suisse le jour de la Saint-Fridolin de cette ann\u00e9e, les travaux de pr\u00e9paration battent leur plein.\",\"breadcrumb\":{\"@id\":\"https:\\\/\\\/schabziger.ch\\\/fr\\\/aide-suisse-aux-montagnards-le-film\\\/#breadcrumb\"},\"inLanguage\":\"fr-FR\",\"potentialAction\":[{\"@type\":\"ReadAction\",\"target\":[\"https:\\\/\\\/schabziger.ch\\\/fr\\\/aide-suisse-aux-montagnards-le-film\\\/\"]}]},{\"@type\":\"ImageObject\",\"inLanguage\":\"fr-FR\",\"@id\":\"https:\\\/\\\/schabziger.ch\\\/fr\\\/aide-suisse-aux-montagnards-le-film\\\/#primaryimage\",\"url\":\"https:\\\/\\\/schabziger.ch\\\/wp-content\\\/uploads\\\/2022\\\/05\\\/film-schweizer-berghilfe.jpeg\",\"contentUrl\":\"https:\\\/\\\/schabziger.ch\\\/wp-content\\\/uploads\\\/2022\\\/05\\\/film-schweizer-berghilfe.jpeg\",\"width\":1273,\"height\":613},{\"@type\":\"BreadcrumbList\",\"@id\":\"https:\\\/\\\/schabziger.ch\\\/fr\\\/aide-suisse-aux-montagnards-le-film\\\/#breadcrumb\",\"itemListElement\":[{\"@type\":\"ListItem\",\"position\":1,\"name\":\"Startseite\",\"item\":\"https:\\\/\\\/schabziger.ch\\\/fr\\\/\"},{\"@type\":\"ListItem\",\"position\":2,\"name\":\"Aide Suisse aux Montagnards &#8211; Le film\"}]},{\"@type\":\"WebSite\",\"@id\":\"https:\\\/\\\/schabziger.ch\\\/fr\\\/#website\",\"url\":\"https:\\\/\\\/schabziger.ch\\\/fr\\\/\",\"name\":\"Schabziger\",\"description\":\"Uurw\u00fcrzig guet\",\"potentialAction\":[{\"@type\":\"SearchAction\",\"target\":{\"@type\":\"EntryPoint\",\"urlTemplate\":\"https:\\\/\\\/schabziger.ch\\\/fr\\\/?s={search_term_string}\"},\"query-input\":{\"@type\":\"PropertyValueSpecification\",\"valueRequired\":true,\"valueName\":\"search_term_string\"}}],\"inLanguage\":\"fr-FR\"},{\"@type\":\"Person\",\"@id\":\"https:\\\/\\\/schabziger.ch\\\/fr\\\/#\\\/schema\\\/person\\\/2f4b3214ec36e0284d37cb7e090ac686\",\"name\":\"streuplan\",\"image\":{\"@type\":\"ImageObject\",\"inLanguage\":\"fr-FR\",\"@id\":\"https:\\\/\\\/secure.gravatar.com\\\/avatar\\\/c555ed4de7ca38b86317fa30767279502f2444f3e7ad26c4000395a5f008e51d?s=96&d=mm&r=g\",\"url\":\"https:\\\/\\\/secure.gravatar.com\\\/avatar\\\/c555ed4de7ca38b86317fa30767279502f2444f3e7ad26c4000395a5f008e51d?s=96&d=mm&r=g\",\"contentUrl\":\"https:\\\/\\\/secure.gravatar.com\\\/avatar\\\/c555ed4de7ca38b86317fa30767279502f2444f3e7ad26c4000395a5f008e51d?s=96&d=mm&r=g\",\"caption\":\"streuplan\"},\"sameAs\":[\"http:\\\/\\\/schabziger.ch\"],\"url\":\"https:\\\/\\\/schabziger.ch\\\/fr\\\/author\\\/streuplan\\\/\"}]}<\/script>\n<!-- \/ Yoast SEO plugin. -->","yoast_head_json":{"title":"Aide Suisse aux Montagnards - Le film - Schabziger","description":"Depuis l'attribution de l'organisation de la plus grande f\u00eate sportive et populaire de Suisse le jour de la Saint-Fridolin de cette ann\u00e9e, les travaux de pr\u00e9paration battent leur plein.","robots":{"index":"index","follow":"follow","max-snippet":"max-snippet:-1","max-image-preview":"max-image-preview:large","max-video-preview":"max-video-preview:-1"},"canonical":"https:\/\/schabziger.ch\/fr\/aide-suisse-aux-montagnards-le-film\/","og_locale":"fr_FR","og_type":"article","og_title":"Aide Suisse aux Montagnards - Le film - Schabziger","og_description":"Depuis l'attribution de l'organisation de la plus grande f\u00eate sportive et populaire de Suisse le jour de la Saint-Fridolin de cette ann\u00e9e, les travaux de pr\u00e9paration battent leur plein.","og_url":"https:\/\/schabziger.ch\/fr\/aide-suisse-aux-montagnards-le-film\/","og_site_name":"Schabziger","article_published_time":"2018-10-01T09:44:00+00:00","article_modified_time":"2023-03-21T12:49:58+00:00","og_image":[{"width":1273,"height":613,"url":"https:\/\/schabziger.ch\/wp-content\/uploads\/2022\/05\/film-schweizer-berghilfe.jpeg","type":"image\/jpeg"}],"author":"streuplan","twitter_card":"summary_large_image","twitter_misc":{"\u00c9crit par":"streuplan"},"schema":{"@context":"https:\/\/schema.org","@graph":[{"@type":"Article","@id":"https:\/\/schabziger.ch\/fr\/aide-suisse-aux-montagnards-le-film\/#article","isPartOf":{"@id":"https:\/\/schabziger.ch\/fr\/aide-suisse-aux-montagnards-le-film\/"},"author":{"name":"streuplan","@id":"https:\/\/schabziger.ch\/fr\/#\/schema\/person\/2f4b3214ec36e0284d37cb7e090ac686"},"headline":"Aide Suisse aux Montagnards &#8211; Le film","datePublished":"2018-10-01T09:44:00+00:00","dateModified":"2023-03-21T12:49:58+00:00","mainEntityOfPage":{"@id":"https:\/\/schabziger.ch\/fr\/aide-suisse-aux-montagnards-le-film\/"},"wordCount":72,"commentCount":0,"image":{"@id":"https:\/\/schabziger.ch\/fr\/aide-suisse-aux-montagnards-le-film\/#primaryimage"},"thumbnailUrl":"https:\/\/schabziger.ch\/wp-content\/uploads\/2022\/05\/film-schweizer-berghilfe.jpeg","articleSection":["Non classifi\u00e9(e)"],"inLanguage":"fr-FR","potentialAction":[{"@type":"CommentAction","name":"Comment","target":["https:\/\/schabziger.ch\/fr\/aide-suisse-aux-montagnards-le-film\/#respond"]}]},{"@type":"WebPage","@id":"https:\/\/schabziger.ch\/fr\/aide-suisse-aux-montagnards-le-film\/","url":"https:\/\/schabziger.ch\/fr\/aide-suisse-aux-montagnards-le-film\/","name":"Aide Suisse aux Montagnards - Le film - Schabziger","isPartOf":{"@id":"https:\/\/schabziger.ch\/fr\/#website"},"primaryImageOfPage":{"@id":"https:\/\/schabziger.ch\/fr\/aide-suisse-aux-montagnards-le-film\/#primaryimage"},"image":{"@id":"https:\/\/schabziger.ch\/fr\/aide-suisse-aux-montagnards-le-film\/#primaryimage"},"thumbnailUrl":"https:\/\/schabziger.ch\/wp-content\/uploads\/2022\/05\/film-schweizer-berghilfe.jpeg","datePublished":"2018-10-01T09:44:00+00:00","dateModified":"2023-03-21T12:49:58+00:00","author":{"@id":"https:\/\/schabziger.ch\/fr\/#\/schema\/person\/2f4b3214ec36e0284d37cb7e090ac686"},"description":"Depuis l'attribution de l'organisation de la plus grande f\u00eate sportive et populaire de Suisse le jour de la Saint-Fridolin de cette ann\u00e9e, les travaux de pr\u00e9paration battent leur plein.","breadcrumb":{"@id":"https:\/\/schabziger.ch\/fr\/aide-suisse-aux-montagnards-le-film\/#breadcrumb"},"inLanguage":"fr-FR","potentialAction":[{"@type":"ReadAction","target":["https:\/\/schabziger.ch\/fr\/aide-suisse-aux-montagnards-le-film\/"]}]},{"@type":"ImageObject","inLanguage":"fr-FR","@id":"https:\/\/schabziger.ch\/fr\/aide-suisse-aux-montagnards-le-film\/#primaryimage","url":"https:\/\/schabziger.ch\/wp-content\/uploads\/2022\/05\/film-schweizer-berghilfe.jpeg","contentUrl":"https:\/\/schabziger.ch\/wp-content\/uploads\/2022\/05\/film-schweizer-berghilfe.jpeg","width":1273,"height":613},{"@type":"BreadcrumbList","@id":"https:\/\/schabziger.ch\/fr\/aide-suisse-aux-montagnards-le-film\/#breadcrumb","itemListElement":[{"@type":"ListItem","position":1,"name":"Startseite","item":"https:\/\/schabziger.ch\/fr\/"},{"@type":"ListItem","position":2,"name":"Aide Suisse aux Montagnards &#8211; Le film"}]},{"@type":"WebSite","@id":"https:\/\/schabziger.ch\/fr\/#website","url":"https:\/\/schabziger.ch\/fr\/","name":"Schabziger","description":"Uurw\u00fcrzig guet","potentialAction":[{"@type":"SearchAction","target":{"@type":"EntryPoint","urlTemplate":"https:\/\/schabziger.ch\/fr\/?s={search_term_string}"},"query-input":{"@type":"PropertyValueSpecification","valueRequired":true,"valueName":"search_term_string"}}],"inLanguage":"fr-FR"},{"@type":"Person","@id":"https:\/\/schabziger.ch\/fr\/#\/schema\/person\/2f4b3214ec36e0284d37cb7e090ac686","name":"streuplan","image":{"@type":"ImageObject","inLanguage":"fr-FR","@id":"https:\/\/secure.gravatar.com\/avatar\/c555ed4de7ca38b86317fa30767279502f2444f3e7ad26c4000395a5f008e51d?s=96&d=mm&r=g","url":"https:\/\/secure.gravatar.com\/avatar\/c555ed4de7ca38b86317fa30767279502f2444f3e7ad26c4000395a5f008e51d?s=96&d=mm&r=g","contentUrl":"https:\/\/secure.gravatar.com\/avatar\/c555ed4de7ca38b86317fa30767279502f2444f3e7ad26c4000395a5f008e51d?s=96&d=mm&r=g","caption":"streuplan"},"sameAs":["http:\/\/schabziger.ch"],"url":"https:\/\/schabziger.ch\/fr\/author\/streuplan\/"}]}},"_links":{"self":[{"href":"https:\/\/schabziger.ch\/fr\/wp-json\/wp\/v2\/posts\/1402","targetHints":{"allow":["GET"]}}],"collection":[{"href":"https:\/\/schabziger.ch\/fr\/wp-json\/wp\/v2\/posts"}],"about":[{"href":"https:\/\/schabziger.ch\/fr\/wp-json\/wp\/v2\/types\/post"}],"author":[{"embeddable":true,"href":"https:\/\/schabziger.ch\/fr\/wp-json\/wp\/v2\/users\/1"}],"replies":[{"embeddable":true,"href":"https:\/\/schabziger.ch\/fr\/wp-json\/wp\/v2\/comments?post=1402"}],"version-history":[{"count":2,"href":"https:\/\/schabziger.ch\/fr\/wp-json\/wp\/v2\/posts\/1402\/revisions"}],"predecessor-version":[{"id":1954,"href":"https:\/\/schabziger.ch\/fr\/wp-json\/wp\/v2\/posts\/1402\/revisions\/1954"}],"wp:featuredmedia":[{"embeddable":true,"href":"https:\/\/schabziger.ch\/fr\/wp-json\/wp\/v2\/media\/1228"}],"wp:attachment":[{"href":"https:\/\/schabziger.ch\/fr\/wp-json\/wp\/v2\/media?parent=1402"}],"wp:term":[{"taxonomy":"category","embeddable":true,"href":"https:\/\/schabziger.ch\/fr\/wp-json\/wp\/v2\/categories?post=1402"},{"taxonomy":"post_tag","embeddable":true,"href":"https:\/\/schabziger.ch\/fr\/wp-json\/wp\/v2\/tags?post=1402"}],"curies":[{"name":"wp","href":"https:\/\/api.w.org\/{rel}","templated":true}]}}