{"id":1399,"date":"2017-04-11T09:39:00","date_gmt":"2017-04-11T07:39:00","guid":{"rendered":"https:\/\/geska.brandneu.ch\/les-saxons-a-zurich\/"},"modified":"2023-03-21T13:50:06","modified_gmt":"2023-03-21T12:50:06","slug":"les-saxons-a-zurich","status":"publish","type":"post","link":"https:\/\/schabziger.ch\/fr\/les-saxons-a-zurich\/","title":{"rendered":"Les Saxons \u00e0 Zurich"},"content":{"rendered":"\n<figure class=\"wp-block-image size-full\"><img loading=\"lazy\" decoding=\"async\" width=\"800\" height=\"385\" src=\"https:\/\/schabziger.ch\/wp-content\/uploads\/2022\/05\/sechselauten-800x385-1.jpeg\" alt=\"\" class=\"wp-image-645\" srcset=\"https:\/\/schabziger.ch\/wp-content\/uploads\/2022\/05\/sechselauten-800x385-1.jpeg 800w, https:\/\/schabziger.ch\/wp-content\/uploads\/2022\/05\/sechselauten-800x385-1-300x144.jpeg 300w, https:\/\/schabziger.ch\/wp-content\/uploads\/2022\/05\/sechselauten-800x385-1-768x370.jpeg 768w\" sizes=\"auto, (max-width: 800px) 100vw, 800px\" \/><\/figure>\n\n<h1 class=\"wp-block-heading\">Traditionnel, sensationnel, le S\u00e4chsi L\u00fc\u00fcte z&rsquo;Z\u00fcri<\/h1>\n\n<p>Les Zigermann\u00e4 du Zigerschlitz ont distribu\u00e9 avec plaisir plus de 3000 St\u00f6ckli originaux au Schabziger au public. Un moment fort pour les Zurichois et les Glaronnais qui, g\u00e2t\u00e9s par le soleil, ont profit\u00e9 du d\u00e9fil\u00e9 des S\u00e4chsi L\u00fc\u00fcte.<\/p>\n","protected":false},"excerpt":{"rendered":"<p>Les Zigermann\u00e4 du Zigerschlitz ont distribu\u00e9 avec plaisir plus de 3000 St\u00f6ckli originaux au Schabziger au public.  <\/p>\n","protected":false},"author":1,"featured_media":1284,"comment_status":"open","ping_status":"open","sticky":false,"template":"","format":"standard","meta":{"_acf_changed":false,"inline_featured_image":false,"footnotes":""},"categories":[9],"tags":[],"class_list":["post-1399","post","type-post","status-publish","format-standard","has-post-thumbnail","hentry","category-non-classifiee"],"acf":[],"yoast_head":"<!-- This site is optimized with the Yoast SEO plugin v27.5 - https:\/\/yoast.com\/product\/yoast-seo-wordpress\/ -->\n<title>Les Saxons \u00e0 Zurich - Schabziger<\/title>\n<meta name=\"description\" content=\"Depuis l&#039;attribution de l&#039;organisation de la plus grande f\u00eate sportive et populaire de Suisse le jour de la Saint-Fridolin de cette ann\u00e9e, les travaux de pr\u00e9paration battent leur plein.\" \/>\n<meta name=\"robots\" content=\"index, follow, max-snippet:-1, max-image-preview:large, max-video-preview:-1\" \/>\n<link rel=\"canonical\" href=\"https:\/\/schabziger.ch\/fr\/les-saxons-a-zurich\/\" \/>\n<meta property=\"og:locale\" content=\"fr_FR\" \/>\n<meta property=\"og:type\" content=\"article\" \/>\n<meta property=\"og:title\" content=\"Les Saxons \u00e0 Zurich - Schabziger\" \/>\n<meta property=\"og:description\" content=\"Depuis l&#039;attribution de l&#039;organisation de la plus grande f\u00eate sportive et populaire de Suisse le jour de la Saint-Fridolin de cette ann\u00e9e, les travaux de pr\u00e9paration battent leur plein.\" \/>\n<meta property=\"og:url\" content=\"https:\/\/schabziger.ch\/fr\/les-saxons-a-zurich\/\" \/>\n<meta property=\"og:site_name\" content=\"Schabziger\" \/>\n<meta property=\"article:published_time\" content=\"2017-04-11T07:39:00+00:00\" \/>\n<meta property=\"article:modified_time\" content=\"2023-03-21T12:50:06+00:00\" \/>\n<meta property=\"og:image\" content=\"https:\/\/schabziger.ch\/wp-content\/uploads\/2022\/05\/sechselauten-800x385-1.jpeg\" \/>\n\t<meta property=\"og:image:width\" content=\"800\" \/>\n\t<meta property=\"og:image:height\" content=\"385\" \/>\n\t<meta property=\"og:image:type\" content=\"image\/jpeg\" \/>\n<meta name=\"author\" content=\"streuplan\" \/>\n<meta name=\"twitter:card\" content=\"summary_large_image\" \/>\n<meta name=\"twitter:label1\" content=\"\u00c9crit par\" \/>\n\t<meta name=\"twitter:data1\" content=\"streuplan\" \/>\n<script type=\"application\/ld+json\" class=\"yoast-schema-graph\">{\"@context\":\"https:\\\/\\\/schema.org\",\"@graph\":[{\"@type\":\"Article\",\"@id\":\"https:\\\/\\\/schabziger.ch\\\/fr\\\/les-saxons-a-zurich\\\/#article\",\"isPartOf\":{\"@id\":\"https:\\\/\\\/schabziger.ch\\\/fr\\\/les-saxons-a-zurich\\\/\"},\"author\":{\"name\":\"streuplan\",\"@id\":\"https:\\\/\\\/schabziger.ch\\\/fr\\\/#\\\/schema\\\/person\\\/2f4b3214ec36e0284d37cb7e090ac686\"},\"headline\":\"Les Saxons \u00e0 Zurich\",\"datePublished\":\"2017-04-11T07:39:00+00:00\",\"dateModified\":\"2023-03-21T12:50:06+00:00\",\"mainEntityOfPage\":{\"@id\":\"https:\\\/\\\/schabziger.ch\\\/fr\\\/les-saxons-a-zurich\\\/\"},\"wordCount\":56,\"commentCount\":0,\"image\":{\"@id\":\"https:\\\/\\\/schabziger.ch\\\/fr\\\/les-saxons-a-zurich\\\/#primaryimage\"},\"thumbnailUrl\":\"https:\\\/\\\/schabziger.ch\\\/wp-content\\\/uploads\\\/2022\\\/05\\\/sechselauten-800x385-1.jpeg\",\"articleSection\":[\"Non classifi\u00e9(e)\"],\"inLanguage\":\"fr-FR\",\"potentialAction\":[{\"@type\":\"CommentAction\",\"name\":\"Comment\",\"target\":[\"https:\\\/\\\/schabziger.ch\\\/fr\\\/les-saxons-a-zurich\\\/#respond\"]}]},{\"@type\":\"WebPage\",\"@id\":\"https:\\\/\\\/schabziger.ch\\\/fr\\\/les-saxons-a-zurich\\\/\",\"url\":\"https:\\\/\\\/schabziger.ch\\\/fr\\\/les-saxons-a-zurich\\\/\",\"name\":\"Les Saxons \u00e0 Zurich - Schabziger\",\"isPartOf\":{\"@id\":\"https:\\\/\\\/schabziger.ch\\\/fr\\\/#website\"},\"primaryImageOfPage\":{\"@id\":\"https:\\\/\\\/schabziger.ch\\\/fr\\\/les-saxons-a-zurich\\\/#primaryimage\"},\"image\":{\"@id\":\"https:\\\/\\\/schabziger.ch\\\/fr\\\/les-saxons-a-zurich\\\/#primaryimage\"},\"thumbnailUrl\":\"https:\\\/\\\/schabziger.ch\\\/wp-content\\\/uploads\\\/2022\\\/05\\\/sechselauten-800x385-1.jpeg\",\"datePublished\":\"2017-04-11T07:39:00+00:00\",\"dateModified\":\"2023-03-21T12:50:06+00:00\",\"author\":{\"@id\":\"https:\\\/\\\/schabziger.ch\\\/fr\\\/#\\\/schema\\\/person\\\/2f4b3214ec36e0284d37cb7e090ac686\"},\"description\":\"Depuis l'attribution de l'organisation de la plus grande f\u00eate sportive et populaire de Suisse le jour de la Saint-Fridolin de cette ann\u00e9e, les travaux de pr\u00e9paration battent leur plein.\",\"breadcrumb\":{\"@id\":\"https:\\\/\\\/schabziger.ch\\\/fr\\\/les-saxons-a-zurich\\\/#breadcrumb\"},\"inLanguage\":\"fr-FR\",\"potentialAction\":[{\"@type\":\"ReadAction\",\"target\":[\"https:\\\/\\\/schabziger.ch\\\/fr\\\/les-saxons-a-zurich\\\/\"]}]},{\"@type\":\"ImageObject\",\"inLanguage\":\"fr-FR\",\"@id\":\"https:\\\/\\\/schabziger.ch\\\/fr\\\/les-saxons-a-zurich\\\/#primaryimage\",\"url\":\"https:\\\/\\\/schabziger.ch\\\/wp-content\\\/uploads\\\/2022\\\/05\\\/sechselauten-800x385-1.jpeg\",\"contentUrl\":\"https:\\\/\\\/schabziger.ch\\\/wp-content\\\/uploads\\\/2022\\\/05\\\/sechselauten-800x385-1.jpeg\",\"width\":800,\"height\":385},{\"@type\":\"BreadcrumbList\",\"@id\":\"https:\\\/\\\/schabziger.ch\\\/fr\\\/les-saxons-a-zurich\\\/#breadcrumb\",\"itemListElement\":[{\"@type\":\"ListItem\",\"position\":1,\"name\":\"Startseite\",\"item\":\"https:\\\/\\\/schabziger.ch\\\/fr\\\/\"},{\"@type\":\"ListItem\",\"position\":2,\"name\":\"Les Saxons \u00e0 Zurich\"}]},{\"@type\":\"WebSite\",\"@id\":\"https:\\\/\\\/schabziger.ch\\\/fr\\\/#website\",\"url\":\"https:\\\/\\\/schabziger.ch\\\/fr\\\/\",\"name\":\"Schabziger\",\"description\":\"Uurw\u00fcrzig guet\",\"potentialAction\":[{\"@type\":\"SearchAction\",\"target\":{\"@type\":\"EntryPoint\",\"urlTemplate\":\"https:\\\/\\\/schabziger.ch\\\/fr\\\/?s={search_term_string}\"},\"query-input\":{\"@type\":\"PropertyValueSpecification\",\"valueRequired\":true,\"valueName\":\"search_term_string\"}}],\"inLanguage\":\"fr-FR\"},{\"@type\":\"Person\",\"@id\":\"https:\\\/\\\/schabziger.ch\\\/fr\\\/#\\\/schema\\\/person\\\/2f4b3214ec36e0284d37cb7e090ac686\",\"name\":\"streuplan\",\"image\":{\"@type\":\"ImageObject\",\"inLanguage\":\"fr-FR\",\"@id\":\"https:\\\/\\\/secure.gravatar.com\\\/avatar\\\/c555ed4de7ca38b86317fa30767279502f2444f3e7ad26c4000395a5f008e51d?s=96&d=mm&r=g\",\"url\":\"https:\\\/\\\/secure.gravatar.com\\\/avatar\\\/c555ed4de7ca38b86317fa30767279502f2444f3e7ad26c4000395a5f008e51d?s=96&d=mm&r=g\",\"contentUrl\":\"https:\\\/\\\/secure.gravatar.com\\\/avatar\\\/c555ed4de7ca38b86317fa30767279502f2444f3e7ad26c4000395a5f008e51d?s=96&d=mm&r=g\",\"caption\":\"streuplan\"},\"sameAs\":[\"http:\\\/\\\/schabziger.ch\"],\"url\":\"https:\\\/\\\/schabziger.ch\\\/fr\\\/author\\\/streuplan\\\/\"}]}<\/script>\n<!-- \/ Yoast SEO plugin. -->","yoast_head_json":{"title":"Les Saxons \u00e0 Zurich - Schabziger","description":"Depuis l'attribution de l'organisation de la plus grande f\u00eate sportive et populaire de Suisse le jour de la Saint-Fridolin de cette ann\u00e9e, les travaux de pr\u00e9paration battent leur plein.","robots":{"index":"index","follow":"follow","max-snippet":"max-snippet:-1","max-image-preview":"max-image-preview:large","max-video-preview":"max-video-preview:-1"},"canonical":"https:\/\/schabziger.ch\/fr\/les-saxons-a-zurich\/","og_locale":"fr_FR","og_type":"article","og_title":"Les Saxons \u00e0 Zurich - Schabziger","og_description":"Depuis l'attribution de l'organisation de la plus grande f\u00eate sportive et populaire de Suisse le jour de la Saint-Fridolin de cette ann\u00e9e, les travaux de pr\u00e9paration battent leur plein.","og_url":"https:\/\/schabziger.ch\/fr\/les-saxons-a-zurich\/","og_site_name":"Schabziger","article_published_time":"2017-04-11T07:39:00+00:00","article_modified_time":"2023-03-21T12:50:06+00:00","og_image":[{"width":800,"height":385,"url":"https:\/\/schabziger.ch\/wp-content\/uploads\/2022\/05\/sechselauten-800x385-1.jpeg","type":"image\/jpeg"}],"author":"streuplan","twitter_card":"summary_large_image","twitter_misc":{"\u00c9crit par":"streuplan"},"schema":{"@context":"https:\/\/schema.org","@graph":[{"@type":"Article","@id":"https:\/\/schabziger.ch\/fr\/les-saxons-a-zurich\/#article","isPartOf":{"@id":"https:\/\/schabziger.ch\/fr\/les-saxons-a-zurich\/"},"author":{"name":"streuplan","@id":"https:\/\/schabziger.ch\/fr\/#\/schema\/person\/2f4b3214ec36e0284d37cb7e090ac686"},"headline":"Les Saxons \u00e0 Zurich","datePublished":"2017-04-11T07:39:00+00:00","dateModified":"2023-03-21T12:50:06+00:00","mainEntityOfPage":{"@id":"https:\/\/schabziger.ch\/fr\/les-saxons-a-zurich\/"},"wordCount":56,"commentCount":0,"image":{"@id":"https:\/\/schabziger.ch\/fr\/les-saxons-a-zurich\/#primaryimage"},"thumbnailUrl":"https:\/\/schabziger.ch\/wp-content\/uploads\/2022\/05\/sechselauten-800x385-1.jpeg","articleSection":["Non classifi\u00e9(e)"],"inLanguage":"fr-FR","potentialAction":[{"@type":"CommentAction","name":"Comment","target":["https:\/\/schabziger.ch\/fr\/les-saxons-a-zurich\/#respond"]}]},{"@type":"WebPage","@id":"https:\/\/schabziger.ch\/fr\/les-saxons-a-zurich\/","url":"https:\/\/schabziger.ch\/fr\/les-saxons-a-zurich\/","name":"Les Saxons \u00e0 Zurich - Schabziger","isPartOf":{"@id":"https:\/\/schabziger.ch\/fr\/#website"},"primaryImageOfPage":{"@id":"https:\/\/schabziger.ch\/fr\/les-saxons-a-zurich\/#primaryimage"},"image":{"@id":"https:\/\/schabziger.ch\/fr\/les-saxons-a-zurich\/#primaryimage"},"thumbnailUrl":"https:\/\/schabziger.ch\/wp-content\/uploads\/2022\/05\/sechselauten-800x385-1.jpeg","datePublished":"2017-04-11T07:39:00+00:00","dateModified":"2023-03-21T12:50:06+00:00","author":{"@id":"https:\/\/schabziger.ch\/fr\/#\/schema\/person\/2f4b3214ec36e0284d37cb7e090ac686"},"description":"Depuis l'attribution de l'organisation de la plus grande f\u00eate sportive et populaire de Suisse le jour de la Saint-Fridolin de cette ann\u00e9e, les travaux de pr\u00e9paration battent leur plein.","breadcrumb":{"@id":"https:\/\/schabziger.ch\/fr\/les-saxons-a-zurich\/#breadcrumb"},"inLanguage":"fr-FR","potentialAction":[{"@type":"ReadAction","target":["https:\/\/schabziger.ch\/fr\/les-saxons-a-zurich\/"]}]},{"@type":"ImageObject","inLanguage":"fr-FR","@id":"https:\/\/schabziger.ch\/fr\/les-saxons-a-zurich\/#primaryimage","url":"https:\/\/schabziger.ch\/wp-content\/uploads\/2022\/05\/sechselauten-800x385-1.jpeg","contentUrl":"https:\/\/schabziger.ch\/wp-content\/uploads\/2022\/05\/sechselauten-800x385-1.jpeg","width":800,"height":385},{"@type":"BreadcrumbList","@id":"https:\/\/schabziger.ch\/fr\/les-saxons-a-zurich\/#breadcrumb","itemListElement":[{"@type":"ListItem","position":1,"name":"Startseite","item":"https:\/\/schabziger.ch\/fr\/"},{"@type":"ListItem","position":2,"name":"Les Saxons \u00e0 Zurich"}]},{"@type":"WebSite","@id":"https:\/\/schabziger.ch\/fr\/#website","url":"https:\/\/schabziger.ch\/fr\/","name":"Schabziger","description":"Uurw\u00fcrzig guet","potentialAction":[{"@type":"SearchAction","target":{"@type":"EntryPoint","urlTemplate":"https:\/\/schabziger.ch\/fr\/?s={search_term_string}"},"query-input":{"@type":"PropertyValueSpecification","valueRequired":true,"valueName":"search_term_string"}}],"inLanguage":"fr-FR"},{"@type":"Person","@id":"https:\/\/schabziger.ch\/fr\/#\/schema\/person\/2f4b3214ec36e0284d37cb7e090ac686","name":"streuplan","image":{"@type":"ImageObject","inLanguage":"fr-FR","@id":"https:\/\/secure.gravatar.com\/avatar\/c555ed4de7ca38b86317fa30767279502f2444f3e7ad26c4000395a5f008e51d?s=96&d=mm&r=g","url":"https:\/\/secure.gravatar.com\/avatar\/c555ed4de7ca38b86317fa30767279502f2444f3e7ad26c4000395a5f008e51d?s=96&d=mm&r=g","contentUrl":"https:\/\/secure.gravatar.com\/avatar\/c555ed4de7ca38b86317fa30767279502f2444f3e7ad26c4000395a5f008e51d?s=96&d=mm&r=g","caption":"streuplan"},"sameAs":["http:\/\/schabziger.ch"],"url":"https:\/\/schabziger.ch\/fr\/author\/streuplan\/"}]}},"_links":{"self":[{"href":"https:\/\/schabziger.ch\/fr\/wp-json\/wp\/v2\/posts\/1399","targetHints":{"allow":["GET"]}}],"collection":[{"href":"https:\/\/schabziger.ch\/fr\/wp-json\/wp\/v2\/posts"}],"about":[{"href":"https:\/\/schabziger.ch\/fr\/wp-json\/wp\/v2\/types\/post"}],"author":[{"embeddable":true,"href":"https:\/\/schabziger.ch\/fr\/wp-json\/wp\/v2\/users\/1"}],"replies":[{"embeddable":true,"href":"https:\/\/schabziger.ch\/fr\/wp-json\/wp\/v2\/comments?post=1399"}],"version-history":[{"count":2,"href":"https:\/\/schabziger.ch\/fr\/wp-json\/wp\/v2\/posts\/1399\/revisions"}],"predecessor-version":[{"id":1957,"href":"https:\/\/schabziger.ch\/fr\/wp-json\/wp\/v2\/posts\/1399\/revisions\/1957"}],"wp:featuredmedia":[{"embeddable":true,"href":"https:\/\/schabziger.ch\/fr\/wp-json\/wp\/v2\/media\/1284"}],"wp:attachment":[{"href":"https:\/\/schabziger.ch\/fr\/wp-json\/wp\/v2\/media?parent=1399"}],"wp:term":[{"taxonomy":"category","embeddable":true,"href":"https:\/\/schabziger.ch\/fr\/wp-json\/wp\/v2\/categories?post=1399"},{"taxonomy":"post_tag","embeddable":true,"href":"https:\/\/schabziger.ch\/fr\/wp-json\/wp\/v2\/tags?post=1399"}],"curies":[{"name":"wp","href":"https:\/\/api.w.org\/{rel}","templated":true}]}}